{"id":2099,"count":1,"description":"","link":"https:\/\/www.radiosanctispiritus.cu\/es\/etiqueta\/la-empresa-omnibus-nacionales-anuncio-este-martes-la-reanudacion-progresiva-de-sus-servicios-interprovinciales\/","name":"la empresa \u00d3mnibus Nacionales anunci\u00f3 este martes la reanudaci\u00f3n progresiva de sus servicios interprovinciales","slug":"la-empresa-omnibus-nacionales-anuncio-este-martes-la-reanudacion-progresiva-de-sus-servicios-interprovinciales","taxonomy":"post_tag","meta":[],"_links":{"self":[{"href":"https:\/\/www.radiosanctispiritus.cu\/es\/wp-json\/wp\/v2\/tags\/2099","targetHints":{"allow":["GET"]}}],"collection":[{"href":"https:\/\/www.radiosanctispiritus.cu\/es\/wp-json\/wp\/v2\/tags"}],"about":[{"href":"https:\/\/www.radiosanctispiritus.cu\/es\/wp-json\/wp\/v2\/taxonomies\/post_tag"}],"wp:post_type":[{"href":"https:\/\/www.radiosanctispiritus.cu\/es\/wp-json\/wp\/v2\/posts?tags=2099"}],"curies":[{"name":"wp","href":"https:\/\/api.w.org\/{rel}","templated":true}]}}