{"id":994,"date":"2022-08-11T10:42:53","date_gmt":"2022-08-11T14:42:53","guid":{"rendered":"https:\/\/www.radiosanctispiritus.cu\/es\/?p=994"},"modified":"2022-08-11T10:43:38","modified_gmt":"2022-08-11T14:43:38","slug":"en-imagenes-desde-la-altura-tambien-se-ve-la-esperanza","status":"publish","type":"post","link":"https:\/\/www.radiosanctispiritus.cu\/es\/en-imagenes-desde-la-altura-tambien-se-ve-la-esperanza\/","title":{"rendered":"En im\u00e1genes: Desde la altura tambi\u00e9n se ve la esperanza"},"content":{"rendered":"<p>Desde la altura este fragmento de la ciudad parece confinado al gris, a la ceniza que grita cu\u00e1ntos colores devoraron las llamas. Los bomberos y carros apenas parecen puntos diminutos en medio del vac\u00edo l\u00fagubre. Sin embargo, uno sabe que hay mucho m\u00e1s en estos planos captados, una esperanza que como el ave f\u00e9nix se alza en medio del dolor, un orgullo tremendo por quienes triunfaron sobre las llamas y quitaron el humo de nuestro cielo.<\/p>\n\n\t\t<style type=\"text\/css\">\n\t\t\t#gallery-1 {\n\t\t\t\tmargin: auto;\n\t\t\t}\n\t\t\t#gallery-1 .gallery-item {\n\t\t\t\tfloat: left;\n\t\t\t\tmargin-top: 10px;\n\t\t\t\ttext-align: center;\n\t\t\t\twidth: 33%;\n\t\t\t}\n\t\t\t#gallery-1 img {\n\t\t\t\tborder: 2px solid #cfcfcf;\n\t\t\t}\n\t\t\t#gallery-1 .gallery-caption {\n\t\t\t\tmargin-left: 0;\n\t\t\t}\n\t\t\t\/* see gallery_shortcode() in wp-includes\/media.php *\/\n\t\t<\/style>\n\t\t<div id='gallery-1' class='gallery galleryid-994 gallery-columns-3 gallery-size-thumbnail'><dl class='gallery-item'>\n\t\t\t<dt class='gallery-icon landscape'>\n\t\t\t\t<a href='https:\/\/www.radiosanctispiritus.cu\/es\/en-imagenes-desde-la-altura-tambien-se-ve-la-esperanza\/matanzas-jueves-11-1\/'><img decoding=\"async\" width=\"80\" height=\"80\" src=\"https:\/\/www.radiosanctispiritus.cu\/es\/wp-content\/uploads\/matanzas-jueves-11-1-80x80.jpg\" class=\"attachment-thumbnail size-thumbnail\" alt=\"\" srcset=\"https:\/\/www.radiosanctispiritus.cu\/es\/wp-content\/uploads\/matanzas-jueves-11-1-80x80.jpg 80w, https:\/\/www.radiosanctispiritus.cu\/es\/wp-content\/uploads\/matanzas-jueves-11-1-150x150.jpg 150w\" sizes=\"(max-width: 80px) 100vw, 80px\" \/><\/a>\n\t\t\t<\/dt><\/dl><dl class='gallery-item'>\n\t\t\t<dt class='gallery-icon landscape'>\n\t\t\t\t<a href='https:\/\/www.radiosanctispiritus.cu\/es\/en-imagenes-desde-la-altura-tambien-se-ve-la-esperanza\/matanzas-jueves-11-3\/'><img decoding=\"async\" width=\"80\" height=\"80\" src=\"https:\/\/www.radiosanctispiritus.cu\/es\/wp-content\/uploads\/matanzas-jueves-11-3-80x80.jpg\" class=\"attachment-thumbnail size-thumbnail\" alt=\"\" srcset=\"https:\/\/www.radiosanctispiritus.cu\/es\/wp-content\/uploads\/matanzas-jueves-11-3-80x80.jpg 80w, https:\/\/www.radiosanctispiritus.cu\/es\/wp-content\/uploads\/matanzas-jueves-11-3-150x150.jpg 150w\" sizes=\"(max-width: 80px) 100vw, 80px\" \/><\/a>\n\t\t\t<\/dt><\/dl><dl class='gallery-item'>\n\t\t\t<dt class='gallery-icon landscape'>\n\t\t\t\t<a href='https:\/\/www.radiosanctispiritus.cu\/es\/en-imagenes-desde-la-altura-tambien-se-ve-la-esperanza\/matanzas-jueves-11-4\/'><img decoding=\"async\" width=\"80\" height=\"80\" src=\"https:\/\/www.radiosanctispiritus.cu\/es\/wp-content\/uploads\/matanzas-jueves-11-4-80x80.jpg\" class=\"attachment-thumbnail size-thumbnail\" alt=\"\" srcset=\"https:\/\/www.radiosanctispiritus.cu\/es\/wp-content\/uploads\/matanzas-jueves-11-4-80x80.jpg 80w, https:\/\/www.radiosanctispiritus.cu\/es\/wp-content\/uploads\/matanzas-jueves-11-4-150x150.jpg 150w\" sizes=\"(max-width: 80px) 100vw, 80px\" \/><\/a>\n\t\t\t<\/dt><\/dl><br style=\"clear: both\" \/><dl class='gallery-item'>\n\t\t\t<dt class='gallery-icon landscape'>\n\t\t\t\t<a href='https:\/\/www.radiosanctispiritus.cu\/es\/en-imagenes-desde-la-altura-tambien-se-ve-la-esperanza\/matanzas-jueves-11-5\/'><img decoding=\"async\" width=\"80\" height=\"80\" src=\"https:\/\/www.radiosanctispiritus.cu\/es\/wp-content\/uploads\/matanzas-jueves-11-5-80x80.jpg\" class=\"attachment-thumbnail size-thumbnail\" alt=\"\" srcset=\"https:\/\/www.radiosanctispiritus.cu\/es\/wp-content\/uploads\/matanzas-jueves-11-5-80x80.jpg 80w, https:\/\/www.radiosanctispiritus.cu\/es\/wp-content\/uploads\/matanzas-jueves-11-5-150x150.jpg 150w\" sizes=\"(max-width: 80px) 100vw, 80px\" \/><\/a>\n\t\t\t<\/dt><\/dl><dl class='gallery-item'>\n\t\t\t<dt class='gallery-icon landscape'>\n\t\t\t\t<a href='https:\/\/www.radiosanctispiritus.cu\/es\/en-imagenes-desde-la-altura-tambien-se-ve-la-esperanza\/matanzas-jueves-11-6\/'><img decoding=\"async\" width=\"80\" height=\"80\" src=\"https:\/\/www.radiosanctispiritus.cu\/es\/wp-content\/uploads\/matanzas-jueves-11-6-80x80.jpg\" class=\"attachment-thumbnail size-thumbnail\" alt=\"\" srcset=\"https:\/\/www.radiosanctispiritus.cu\/es\/wp-content\/uploads\/matanzas-jueves-11-6-80x80.jpg 80w, https:\/\/www.radiosanctispiritus.cu\/es\/wp-content\/uploads\/matanzas-jueves-11-6-150x150.jpg 150w\" sizes=\"(max-width: 80px) 100vw, 80px\" \/><\/a>\n\t\t\t<\/dt><\/dl><dl class='gallery-item'>\n\t\t\t<dt class='gallery-icon landscape'>\n\t\t\t\t<a href='https:\/\/www.radiosanctispiritus.cu\/es\/en-imagenes-desde-la-altura-tambien-se-ve-la-esperanza\/matanzas-jueves-11-7\/'><img decoding=\"async\" width=\"80\" height=\"80\" src=\"https:\/\/www.radiosanctispiritus.cu\/es\/wp-content\/uploads\/matanzas-jueves-11-7-80x80.jpg\" class=\"attachment-thumbnail size-thumbnail\" alt=\"\" srcset=\"https:\/\/www.radiosanctispiritus.cu\/es\/wp-content\/uploads\/matanzas-jueves-11-7-80x80.jpg 80w, https:\/\/www.radiosanctispiritus.cu\/es\/wp-content\/uploads\/matanzas-jueves-11-7-150x150.jpg 150w\" sizes=\"(max-width: 80px) 100vw, 80px\" \/><\/a>\n\t\t\t<\/dt><\/dl><br style=\"clear: both\" \/><dl class='gallery-item'>\n\t\t\t<dt class='gallery-icon landscape'>\n\t\t\t\t<a href='https:\/\/www.radiosanctispiritus.cu\/es\/en-imagenes-desde-la-altura-tambien-se-ve-la-esperanza\/matanzas-jueves-11-8\/'><img decoding=\"async\" width=\"80\" height=\"80\" src=\"https:\/\/www.radiosanctispiritus.cu\/es\/wp-content\/uploads\/matanzas-jueves-11-8-80x80.jpg\" class=\"attachment-thumbnail size-thumbnail\" alt=\"\" srcset=\"https:\/\/www.radiosanctispiritus.cu\/es\/wp-content\/uploads\/matanzas-jueves-11-8-80x80.jpg 80w, https:\/\/www.radiosanctispiritus.cu\/es\/wp-content\/uploads\/matanzas-jueves-11-8-150x150.jpg 150w\" sizes=\"(max-width: 80px) 100vw, 80px\" \/><\/a>\n\t\t\t<\/dt><\/dl>\n\t\t\t<br style='clear: both' \/>\n\t\t<\/div>\n\n","protected":false},"excerpt":{"rendered":"<p>Desde la altura este fragmento de la ciudad parece confinado al gris, a la ceniza que grita cu\u00e1ntos colores devoraron las llamas.<\/p>\n","protected":false},"author":127,"featured_media":1003,"comment_status":"open","ping_status":"open","sticky":false,"template":"","format":"standard","meta":{"_acf_changed":false,"footnotes":""},"categories":[3,8],"tags":[162,136,134,135,169],"coauthors":[],"class_list":["post-994","post","type-post","status-publish","format-standard","has-post-thumbnail","hentry","category-cuba","category-noticia","tag-base-de-supertanqueros","tag-bomberos","tag-incendio","tag-matanzas","tag-zona-industrial"],"acf":[],"_links":{"self":[{"href":"https:\/\/www.radiosanctispiritus.cu\/es\/wp-json\/wp\/v2\/posts\/994","targetHints":{"allow":["GET"]}}],"collection":[{"href":"https:\/\/www.radiosanctispiritus.cu\/es\/wp-json\/wp\/v2\/posts"}],"about":[{"href":"https:\/\/www.radiosanctispiritus.cu\/es\/wp-json\/wp\/v2\/types\/post"}],"author":[{"embeddable":true,"href":"https:\/\/www.radiosanctispiritus.cu\/es\/wp-json\/wp\/v2\/users\/127"}],"replies":[{"embeddable":true,"href":"https:\/\/www.radiosanctispiritus.cu\/es\/wp-json\/wp\/v2\/comments?post=994"}],"version-history":[{"count":0,"href":"https:\/\/www.radiosanctispiritus.cu\/es\/wp-json\/wp\/v2\/posts\/994\/revisions"}],"wp:featuredmedia":[{"embeddable":true,"href":"https:\/\/www.radiosanctispiritus.cu\/es\/wp-json\/wp\/v2\/media\/1003"}],"wp:attachment":[{"href":"https:\/\/www.radiosanctispiritus.cu\/es\/wp-json\/wp\/v2\/media?parent=994"}],"wp:term":[{"taxonomy":"category","embeddable":true,"href":"https:\/\/www.radiosanctispiritus.cu\/es\/wp-json\/wp\/v2\/categories?post=994"},{"taxonomy":"post_tag","embeddable":true,"href":"https:\/\/www.radiosanctispiritus.cu\/es\/wp-json\/wp\/v2\/tags?post=994"},{"taxonomy":"author","embeddable":true,"href":"https:\/\/www.radiosanctispiritus.cu\/es\/wp-json\/wp\/v2\/coauthors?post=994"}],"curies":[{"name":"wp","href":"https:\/\/api.w.org\/{rel}","templated":true}]}}