{"id":9865,"date":"2023-03-31T13:17:42","date_gmt":"2023-03-31T17:17:42","guid":{"rendered":"https:\/\/www.radiosanctispiritus.cu\/es\/?p=9865"},"modified":"2023-03-31T13:19:10","modified_gmt":"2023-03-31T17:19:10","slug":"show-de-las-tres-la-morada-de-buena-fe","status":"publish","type":"post","link":"https:\/\/www.radiosanctispiritus.cu\/es\/show-de-las-tres-la-morada-de-buena-fe\/","title":{"rendered":"Show de las Tres: La Morada de Buena fe"},"content":{"rendered":"<p>Entrevista en el programa de Radio Sancti Sp\u00edritus \u00abEl Show de las Tres\u00bb a Israel Rojas, vocalista y l\u00edder del d\u00fao Buena Fe a prop\u00f3sito del lanzamiento de su m\u00e1s reciente disco \u00abMorada\u00bb.<\/p>\n<audio class=\"wp-audio-shortcode\" id=\"audio-9865-1\" preload=\"none\" style=\"width: 100%;\" controls=\"controls\"><source type=\"audio\/mpeg\" src=\"https:\/\/www.ivoox.com\/show-tres-la-morada-buena_md_105515099_wp_1.mp3?_=1\" \/><a href=\"https:\/\/www.ivoox.com\/show-tres-la-morada-buena_md_105515099_wp_1.mp3\" target=\"_blank\" rel=\"noopener\">https:\/\/www.ivoox.com\/show-tres-la-morada-buena_md_105515099_wp_1.mp3<\/a><\/audio>\n","protected":false},"excerpt":{"rendered":"<p>Entrevista en el programa de Radio Sancti Sp\u00edritus \u00abEl Show de las Tres\u00bb a Israel Rojas, vocalista y l\u00edder del d\u00fao Buena Fe a prop\u00f3sito del lanzamiento de su m\u00e1s reciente disco \u00abMorada\u00bb.<\/p>\n","protected":false},"author":4,"featured_media":9866,"comment_status":"open","ping_status":"open","sticky":false,"template":"","format":"audio","meta":{"_acf_changed":false,"footnotes":""},"categories":[10,746],"tags":[],"coauthors":[],"class_list":["post-9865","post","type-post","status-publish","format-audio","has-post-thumbnail","hentry","category-programas-de-radio","category-show-de-las-tres","post_format-post-format-audio"],"acf":[],"_links":{"self":[{"href":"https:\/\/www.radiosanctispiritus.cu\/es\/wp-json\/wp\/v2\/posts\/9865","targetHints":{"allow":["GET"]}}],"collection":[{"href":"https:\/\/www.radiosanctispiritus.cu\/es\/wp-json\/wp\/v2\/posts"}],"about":[{"href":"https:\/\/www.radiosanctispiritus.cu\/es\/wp-json\/wp\/v2\/types\/post"}],"author":[{"embeddable":true,"href":"https:\/\/www.radiosanctispiritus.cu\/es\/wp-json\/wp\/v2\/users\/4"}],"replies":[{"embeddable":true,"href":"https:\/\/www.radiosanctispiritus.cu\/es\/wp-json\/wp\/v2\/comments?post=9865"}],"version-history":[{"count":0,"href":"https:\/\/www.radiosanctispiritus.cu\/es\/wp-json\/wp\/v2\/posts\/9865\/revisions"}],"wp:featuredmedia":[{"embeddable":true,"href":"https:\/\/www.radiosanctispiritus.cu\/es\/wp-json\/wp\/v2\/media\/9866"}],"wp:attachment":[{"href":"https:\/\/www.radiosanctispiritus.cu\/es\/wp-json\/wp\/v2\/media?parent=9865"}],"wp:term":[{"taxonomy":"category","embeddable":true,"href":"https:\/\/www.radiosanctispiritus.cu\/es\/wp-json\/wp\/v2\/categories?post=9865"},{"taxonomy":"post_tag","embeddable":true,"href":"https:\/\/www.radiosanctispiritus.cu\/es\/wp-json\/wp\/v2\/tags?post=9865"},{"taxonomy":"author","embeddable":true,"href":"https:\/\/www.radiosanctispiritus.cu\/es\/wp-json\/wp\/v2\/coauthors?post=9865"}],"curies":[{"name":"wp","href":"https:\/\/api.w.org\/{rel}","templated":true}]}}