{"id":955,"date":"2022-08-10T13:05:43","date_gmt":"2022-08-10T17:05:43","guid":{"rendered":"https:\/\/www.radiosanctispiritus.cu\/es\/?p=955"},"modified":"2022-08-10T13:07:09","modified_gmt":"2022-08-10T17:07:09","slug":"el-incendio-esta-controlado-afirmo-el-jefe-del-departamento-nacional-de-extincion-del-cuerpo-de-bomberos-de-cuba","status":"publish","type":"post","link":"https:\/\/www.radiosanctispiritus.cu\/es\/el-incendio-esta-controlado-afirmo-el-jefe-del-departamento-nacional-de-extincion-del-cuerpo-de-bomberos-de-cuba\/","title":{"rendered":"El incendio est\u00e1 controlado: afirm\u00f3 el jefe del Departamento Nacional de Extinci\u00f3n del Cuerpo de Bomberos de Cuba"},"content":{"rendered":"<p>El Tte. Coronel Alexander \u00c1valos Jorge, segundo jefe del Departamento Nacional de Extinci\u00f3n del Cuerpo de Bomberos de Cuba, afirm\u00f3 que el incendio est\u00e1 controlado.<\/p>\n<p>En estos momentos estamos trabajando en tres sectores de combate en la bater\u00eda de tanque de 50 mil.<\/p>\n<p>Estamos realizando enfriamiento y extinguiendo algunos focos que quedan, estos \u00faltimos no presentan peligro de propagaci\u00f3n.<\/p>\n<p>La direcci\u00f3n principal del ataque est\u00e1 basada en los cuatro tanques de 50 mil.<\/p>\n<p>Ha sido una experiencia \u00fanica para todas las partes, la colaboraci\u00f3n con M\u00e9xico y Venezuela en la extinci\u00f3n del incendio. Hemos compartido muchos criterios y hemos compartido muchos puntos de vista.<\/p>\n<p>Hemos venido realizando acciones con el movimiento de tierra, hacer bases en las calles que han sido obstruidas y da\u00f1adas por el propio movimiento de los carros. Hemos tenido que construir calles.<\/p>\n<p>Estamos brindando suministros de agua hasta el lugar del incendio con el barco.<\/p>\n<p>Ya hoy nos sentimos m\u00e1s tranquilos aunque todav\u00eda tenemos un incendio, nos queda extinguir ese incendio, no va a ser en el d\u00eda de hoy, aclar\u00f3.<\/p>\n<p>Posterior a que se extinga, quiz\u00e1s tengamos que estar trabajando m\u00e1s, de conjunto con las autoridades de Matanzas, tratando de minimizar un grupo de riesgos que puedan quedar en ese lugar.<\/p>\n<p>Quiero resaltar el aporte, el acompa\u00f1amiento y la solidaridad del pueblo, las Mipymes, los cuentapropias, los Organismos de la Administraci\u00f3n Central del Estado, entidades del sector de la cultura, dijo \u00c1valos Jorge, quien reafirm\u00f3 que los bomberos agradecemos al pueblo de Cuba y a todas las personas que han ayudado.<\/p>\n","protected":false},"excerpt":{"rendered":"<p>El Tte. Coronel Alexander \u00c1valos Jorge, segundo jefe del Departamento Nacional de Extinci\u00f3n del Cuerpo de Bomberos de Cuba, afirm\u00f3 que el incendio est\u00e1 controlado.<\/p>\n","protected":false},"author":127,"featured_media":958,"comment_status":"open","ping_status":"open","sticky":false,"template":"","format":"standard","meta":{"_acf_changed":false,"footnotes":""},"categories":[8],"tags":[134,135],"coauthors":[],"class_list":["post-955","post","type-post","status-publish","format-standard","has-post-thumbnail","hentry","category-noticia","tag-incendio","tag-matanzas"],"acf":[],"_links":{"self":[{"href":"https:\/\/www.radiosanctispiritus.cu\/es\/wp-json\/wp\/v2\/posts\/955","targetHints":{"allow":["GET"]}}],"collection":[{"href":"https:\/\/www.radiosanctispiritus.cu\/es\/wp-json\/wp\/v2\/posts"}],"about":[{"href":"https:\/\/www.radiosanctispiritus.cu\/es\/wp-json\/wp\/v2\/types\/post"}],"author":[{"embeddable":true,"href":"https:\/\/www.radiosanctispiritus.cu\/es\/wp-json\/wp\/v2\/users\/127"}],"replies":[{"embeddable":true,"href":"https:\/\/www.radiosanctispiritus.cu\/es\/wp-json\/wp\/v2\/comments?post=955"}],"version-history":[{"count":0,"href":"https:\/\/www.radiosanctispiritus.cu\/es\/wp-json\/wp\/v2\/posts\/955\/revisions"}],"wp:featuredmedia":[{"embeddable":true,"href":"https:\/\/www.radiosanctispiritus.cu\/es\/wp-json\/wp\/v2\/media\/958"}],"wp:attachment":[{"href":"https:\/\/www.radiosanctispiritus.cu\/es\/wp-json\/wp\/v2\/media?parent=955"}],"wp:term":[{"taxonomy":"category","embeddable":true,"href":"https:\/\/www.radiosanctispiritus.cu\/es\/wp-json\/wp\/v2\/categories?post=955"},{"taxonomy":"post_tag","embeddable":true,"href":"https:\/\/www.radiosanctispiritus.cu\/es\/wp-json\/wp\/v2\/tags?post=955"},{"taxonomy":"author","embeddable":true,"href":"https:\/\/www.radiosanctispiritus.cu\/es\/wp-json\/wp\/v2\/coauthors?post=955"}],"curies":[{"name":"wp","href":"https:\/\/api.w.org\/{rel}","templated":true}]}}