{"id":9501,"date":"2023-03-26T07:59:21","date_gmt":"2023-03-26T11:59:21","guid":{"rendered":"https:\/\/www.radiosanctispiritus.cu\/es\/?p=9501"},"modified":"2023-03-26T12:30:13","modified_gmt":"2023-03-26T16:30:13","slug":"votan-miembro-del-comite-central-y-primera-secretaria-del-partido-en-sancti-spiritus","status":"publish","type":"post","link":"https:\/\/www.radiosanctispiritus.cu\/es\/votan-miembro-del-comite-central-y-primera-secretaria-del-partido-en-sancti-spiritus\/","title":{"rendered":"Vota en Cabaigu\u00e1n primera secretaria del Partido en Sancti Sp\u00edritus"},"content":{"rendered":"<p>Deivy P\u00e9rez Mart\u00edn, miembro del Comit\u00e9 Central del Partido Comunista de Cuba y su primera secretaria en la provincia de Sancti Sp\u00edritus, ejerci\u00f3 su derecho al voto en el Colegio 1, circunscripci\u00f3n 10, de Cabaigu\u00e1n.<\/p>\n<p>Acompa\u00f1ada de autoridades del Partido Comunista de Cuba (PCC), el Estado y las organizaciones sociales, la candidata a diputada por Cabaigu\u00e1n, Deivy P\u00e9rez Mart\u00edn tom\u00f3 su lugar en la fila, salud\u00f3 a los presentes y procedi\u00f3 a ejercer el voto, para despedirse con una foto acompa\u00f1ada de los pioneros que esperaban su turno de custodios.<\/p>\n","protected":false},"excerpt":{"rendered":"<p>Deivy P\u00e9rez Mart\u00edn, miembro del Comit\u00e9 Central del Partido Comunista de Cuba y su primera secretaria en la provincia de Sancti Sp\u00edritus, ejerci\u00f3 su derecho al voto en el Colegio 1, circunscripci\u00f3n 10, de Cabaigu\u00e1n. Acompa\u00f1ada de autoridades del Partido Comunista de Cuba (PCC), el Estado y las organizaciones sociales, la candidata a diputada por [&hellip;]<\/p>\n","protected":false},"author":147,"featured_media":9505,"comment_status":"open","ping_status":"open","sticky":false,"template":"","format":"standard","meta":{"_acf_changed":false,"footnotes":""},"categories":[1],"tags":[],"coauthors":[],"class_list":["post-9501","post","type-post","status-publish","format-standard","has-post-thumbnail","hentry","category-sancti-spiritus"],"acf":[],"_links":{"self":[{"href":"https:\/\/www.radiosanctispiritus.cu\/es\/wp-json\/wp\/v2\/posts\/9501","targetHints":{"allow":["GET"]}}],"collection":[{"href":"https:\/\/www.radiosanctispiritus.cu\/es\/wp-json\/wp\/v2\/posts"}],"about":[{"href":"https:\/\/www.radiosanctispiritus.cu\/es\/wp-json\/wp\/v2\/types\/post"}],"author":[{"embeddable":true,"href":"https:\/\/www.radiosanctispiritus.cu\/es\/wp-json\/wp\/v2\/users\/147"}],"replies":[{"embeddable":true,"href":"https:\/\/www.radiosanctispiritus.cu\/es\/wp-json\/wp\/v2\/comments?post=9501"}],"version-history":[{"count":0,"href":"https:\/\/www.radiosanctispiritus.cu\/es\/wp-json\/wp\/v2\/posts\/9501\/revisions"}],"wp:featuredmedia":[{"embeddable":true,"href":"https:\/\/www.radiosanctispiritus.cu\/es\/wp-json\/wp\/v2\/media\/9505"}],"wp:attachment":[{"href":"https:\/\/www.radiosanctispiritus.cu\/es\/wp-json\/wp\/v2\/media?parent=9501"}],"wp:term":[{"taxonomy":"category","embeddable":true,"href":"https:\/\/www.radiosanctispiritus.cu\/es\/wp-json\/wp\/v2\/categories?post=9501"},{"taxonomy":"post_tag","embeddable":true,"href":"https:\/\/www.radiosanctispiritus.cu\/es\/wp-json\/wp\/v2\/tags?post=9501"},{"taxonomy":"author","embeddable":true,"href":"https:\/\/www.radiosanctispiritus.cu\/es\/wp-json\/wp\/v2\/coauthors?post=9501"}],"curies":[{"name":"wp","href":"https:\/\/api.w.org\/{rel}","templated":true}]}}