{"id":9449,"date":"2023-03-24T22:34:54","date_gmt":"2023-03-25T02:34:54","guid":{"rendered":"https:\/\/www.radiosanctispiritus.cu\/es\/?p=9449"},"modified":"2023-03-24T22:34:54","modified_gmt":"2023-03-25T02:34:54","slug":"quinto-sismo-perceptible-del-ano-movio-a-santiago-de-cuba","status":"publish","type":"post","link":"https:\/\/www.radiosanctispiritus.cu\/es\/quinto-sismo-perceptible-del-ano-movio-a-santiago-de-cuba\/","title":{"rendered":"Quinto sismo perceptible del a\u00f1o movi\u00f3 a Santiago de Cuba"},"content":{"rendered":"<p>El quinto sismo perceptible del a\u00f1o sacudi\u00f3 este viernes a la oriental provincia de Santiago de Cuba, con una magnitud de 3.9 en la escala de Richter y a 37.5 kil\u00f3metros al suroeste de esa ciudad, seg\u00fan reportes del Servicio Sismol\u00f3gico Nacional (SSNC).<\/p>\n<p>Localizado en las coordenadas 19.784 grados de latitud norte y los 76.040 grados de longitud oeste, a una profundidad de 11,7 kil\u00f3metros, el terremoto fue sentido en las localidades del municipio cabecera Santiago de Cuba y de San Luis, Tercer Frente, Julio A. Mella y Palma Soriano.<\/p>\n<p>Sin indicios de da\u00f1os humanos ni materiales, el temblor ocurri\u00f3 a las 12:49, hora local, y es el segundo de esta semana, tras el registrado este mi\u00e9rcoles, con una magnitud de 4.0 y epicentro en Pil\u00f3n, provincia de Granma.<\/p>\n","protected":false},"excerpt":{"rendered":"<p>Sin indicios de da\u00f1os humanos ni materiales, el temblor es el segundo de esta semana, tras el registrado este mi\u00e9rcoles, con epicentro en Pil\u00f3n, provincia de Granma.<\/p>\n","protected":false},"author":22,"featured_media":9450,"comment_status":"open","ping_status":"open","sticky":false,"template":"","format":"standard","meta":{"_acf_changed":false,"footnotes":""},"categories":[3,8],"tags":[739,733,667],"coauthors":[],"class_list":["post-9449","post","type-post","status-publish","format-standard","has-post-thumbnail","hentry","category-cuba","category-noticia","tag-santiago-de-cuba","tag-sismo","tag-terremoto"],"acf":[],"_links":{"self":[{"href":"https:\/\/www.radiosanctispiritus.cu\/es\/wp-json\/wp\/v2\/posts\/9449","targetHints":{"allow":["GET"]}}],"collection":[{"href":"https:\/\/www.radiosanctispiritus.cu\/es\/wp-json\/wp\/v2\/posts"}],"about":[{"href":"https:\/\/www.radiosanctispiritus.cu\/es\/wp-json\/wp\/v2\/types\/post"}],"author":[{"embeddable":true,"href":"https:\/\/www.radiosanctispiritus.cu\/es\/wp-json\/wp\/v2\/users\/22"}],"replies":[{"embeddable":true,"href":"https:\/\/www.radiosanctispiritus.cu\/es\/wp-json\/wp\/v2\/comments?post=9449"}],"version-history":[{"count":0,"href":"https:\/\/www.radiosanctispiritus.cu\/es\/wp-json\/wp\/v2\/posts\/9449\/revisions"}],"wp:featuredmedia":[{"embeddable":true,"href":"https:\/\/www.radiosanctispiritus.cu\/es\/wp-json\/wp\/v2\/media\/9450"}],"wp:attachment":[{"href":"https:\/\/www.radiosanctispiritus.cu\/es\/wp-json\/wp\/v2\/media?parent=9449"}],"wp:term":[{"taxonomy":"category","embeddable":true,"href":"https:\/\/www.radiosanctispiritus.cu\/es\/wp-json\/wp\/v2\/categories?post=9449"},{"taxonomy":"post_tag","embeddable":true,"href":"https:\/\/www.radiosanctispiritus.cu\/es\/wp-json\/wp\/v2\/tags?post=9449"},{"taxonomy":"author","embeddable":true,"href":"https:\/\/www.radiosanctispiritus.cu\/es\/wp-json\/wp\/v2\/coauthors?post=9449"}],"curies":[{"name":"wp","href":"https:\/\/api.w.org\/{rel}","templated":true}]}}