{"id":9328,"date":"2023-03-22T20:35:50","date_gmt":"2023-03-23T00:35:50","guid":{"rendered":"https:\/\/www.radiosanctispiritus.cu\/es\/?p=9328"},"modified":"2023-03-22T20:35:50","modified_gmt":"2023-03-23T00:35:50","slug":"registran-en-oriente-de-cuba-cuarto-sismo-perceptible-del-ano","status":"publish","type":"post","link":"https:\/\/www.radiosanctispiritus.cu\/es\/registran-en-oriente-de-cuba-cuarto-sismo-perceptible-del-ano\/","title":{"rendered":"Registran en Oriente de Cuba cuarto sismo perceptible del a\u00f1o"},"content":{"rendered":"<div class=\"elementor-element elementor-element-44014e52 elementor-widget elementor-widget-theme-post-excerpt\" data-id=\"44014e52\" data-element_type=\"widget\" data-widget_type=\"theme-post-excerpt.default\">\n<div class=\"elementor-widget-container\">El cuarto sismo perceptible del a\u00f1o en Cuba ocurri\u00f3 este mi\u00e9rcoles con una magnitud de 4 y a 30 kil\u00f3metros al sureste de Pil\u00f3n, en la provincia oriental de Granma, de acuerdo con el Servicio Sismol\u00f3gico Nacional.<\/div>\n<\/div>\n<div class=\"elementor-element elementor-element-560e1f7e elementor-widget elementor-widget-theme-post-content\" data-id=\"560e1f7e\" data-element_type=\"widget\" data-widget_type=\"theme-post-content.default\">\n<div class=\"elementor-widget-container\">\n<p>El terremoto tuvo lugar a las 04:33 pm, hora local, localizado en las coordenadas 19.8 grados de latitud norte y los -76.99 grados de longitud oeste, a una profundidad de cinco kil\u00f3metros y sin reportes de da\u00f1os humanos ni materiales.<\/p>\n<p>La perceptibilidad se ubic\u00f3 en los municipios granmenses de Bartolom\u00e9 Mas\u00f3 y Pil\u00f3n.<\/p>\n<\/div>\n<\/div>\n","protected":false},"excerpt":{"rendered":"<p>El cuarto sismo perceptible del a\u00f1o en Cuba ocurri\u00f3 este mi\u00e9rcoles con una magnitud de 4 y a 30 kil\u00f3metros al sureste de Pil\u00f3n, en la provincia oriental de Granma.<\/p>\n","protected":false},"author":22,"featured_media":9329,"comment_status":"open","ping_status":"open","sticky":false,"template":"","format":"standard","meta":{"_acf_changed":false,"footnotes":""},"categories":[3,8],"tags":[733,667],"coauthors":[],"class_list":["post-9328","post","type-post","status-publish","format-standard","has-post-thumbnail","hentry","category-cuba","category-noticia","tag-sismo","tag-terremoto"],"acf":[],"_links":{"self":[{"href":"https:\/\/www.radiosanctispiritus.cu\/es\/wp-json\/wp\/v2\/posts\/9328","targetHints":{"allow":["GET"]}}],"collection":[{"href":"https:\/\/www.radiosanctispiritus.cu\/es\/wp-json\/wp\/v2\/posts"}],"about":[{"href":"https:\/\/www.radiosanctispiritus.cu\/es\/wp-json\/wp\/v2\/types\/post"}],"author":[{"embeddable":true,"href":"https:\/\/www.radiosanctispiritus.cu\/es\/wp-json\/wp\/v2\/users\/22"}],"replies":[{"embeddable":true,"href":"https:\/\/www.radiosanctispiritus.cu\/es\/wp-json\/wp\/v2\/comments?post=9328"}],"version-history":[{"count":0,"href":"https:\/\/www.radiosanctispiritus.cu\/es\/wp-json\/wp\/v2\/posts\/9328\/revisions"}],"wp:featuredmedia":[{"embeddable":true,"href":"https:\/\/www.radiosanctispiritus.cu\/es\/wp-json\/wp\/v2\/media\/9329"}],"wp:attachment":[{"href":"https:\/\/www.radiosanctispiritus.cu\/es\/wp-json\/wp\/v2\/media?parent=9328"}],"wp:term":[{"taxonomy":"category","embeddable":true,"href":"https:\/\/www.radiosanctispiritus.cu\/es\/wp-json\/wp\/v2\/categories?post=9328"},{"taxonomy":"post_tag","embeddable":true,"href":"https:\/\/www.radiosanctispiritus.cu\/es\/wp-json\/wp\/v2\/tags?post=9328"},{"taxonomy":"author","embeddable":true,"href":"https:\/\/www.radiosanctispiritus.cu\/es\/wp-json\/wp\/v2\/coauthors?post=9328"}],"curies":[{"name":"wp","href":"https:\/\/api.w.org\/{rel}","templated":true}]}}