{"id":9258,"date":"2023-03-20T20:48:50","date_gmt":"2023-03-21T00:48:50","guid":{"rendered":"https:\/\/www.radiosanctispiritus.cu\/es\/?p=9258"},"modified":"2023-03-20T20:48:50","modified_gmt":"2023-03-21T00:48:50","slug":"presidente-de-cuba-defiende-multilateralismo-y-paz-mundial","status":"publish","type":"post","link":"https:\/\/www.radiosanctispiritus.cu\/es\/presidente-de-cuba-defiende-multilateralismo-y-paz-mundial\/","title":{"rendered":"Presidente de Cuba defiende multilateralismo y paz mundial"},"content":{"rendered":"<p>El mundo necesita un sistema de relaciones que defienda el multilateralismo, la paz y la solidaridad, signific\u00f3 este lunes el presidente de Cuba, Miguel D\u00edaz-Canel, en entrevista con el canal pan\u00e1rabe Al Mayadeen.<\/p>\n<p>La segunda parte del di\u00e1logo entre el director de la red de medios Al Mayadeen, Ghassan Ben Jeddou, y el jefe de Estado cubano centr\u00f3 sus ejes tem\u00e1ticos sobre el escenario internacional, los v\u00ednculos con Rusia, China, Ir\u00e1n, Venezuela, Brasil, Nicaragua y los pa\u00edses \u00e1rabes.<\/p>\n<p>Por segunda jornada consecutiva, la multiplataforma comunicacional con sede en L\u00edbano transmiti\u00f3 las valoraciones del mandatario antillano, en una conversaci\u00f3n de tres horas que refrend\u00f3 la importancia de la cooperaci\u00f3n y la amistad.<\/p>\n<p>En sus respuestas, D\u00edaz-Canel abog\u00f3 por romper el orden econ\u00f3mico internacional actual, basado en la explotaci\u00f3n, la desigualdad y subordinado a los intereses del complejo militar industrial y a las grandes potencias occidentales.<\/p>\n<p>A prop\u00f3sito, el titular antillano reafirm\u00f3 el principio de Cuba de no compartir lo que sobra y apoyar con las capacidades disponibles, \u00abcomo fieles defensores del verdadero altruismo que nos ense\u00f1\u00f3 Fidel Castro\u00bb, sentenci\u00f3.<\/p>\n<p>En relaci\u00f3n al conflicto Rusia-Ucrania, el presidente caribe\u00f1o culp\u00f3 a Estados Unidos de manipular su origen y crear con el enorme poder\u00edo medi\u00e1tico un sentimiento de desprecio hacia Mosc\u00fa.<\/p>\n<p>D\u00edaz-Canel subray\u00f3 que en una posici\u00f3n deshonesta y de maldad, Washington utiliza a la OTAN y a Ucrania como punta de lanza para lograr sus intereses y cercar a la Federaci\u00f3n.<\/p>\n<p>En este sentido, rechaz\u00f3 las sanciones y el bloqueo contra Rusia y el lenguaje de guerra; al tiempo que respald\u00f3 un di\u00e1logo de paz como verdadera soluci\u00f3n al conflicto.<\/p>\n<p>Al comentar sobre los v\u00ednculos con los l\u00edderes Vladimir Putin y Xi Jinping y las relaciones a nivel de pa\u00eds, D\u00edaz-Canel destac\u00f3 la amistad, la admiraci\u00f3n y el compromiso de ambos a contribuir al desarrollo del pueblo cubano.<\/p>\n<p>En sus respuestas, el mandatario hizo referencia a sus recientes visitas a China y Rusia y el deseo de los dos Estados a apoyar el intercambio econ\u00f3mico, comercial y financiero; adem\u00e1s de estar presentes en los sectores m\u00e1s estrat\u00e9gicos concebidos en el Plan Nacional de Desarrollo Econ\u00f3mico y Social en Cuba hasta el 2030.<\/p>\n<p>Al abordar los lazos con Ir\u00e1n, manifest\u00f3 el prop\u00f3sito de ampliarlos; y en ese sentido, preponder\u00f3 la relaci\u00f3n hist\u00f3rica y de resistencia ante las presiones y maniobras del imperialismo.<\/p>\n<p>D\u00edaz-Canel transmiti\u00f3 la intenci\u00f3n de visitar Ir\u00e1n y Siria en el actual a\u00f1o, con el objetivo de consolidar la hermandad y sentir de cerca la valent\u00eda, el hero\u00edsmo y la dignidad de ambos pueblos.<\/p>\n<p>Con respecto a la Revoluci\u00f3n Isl\u00e1mica, preponder\u00f3 la participaci\u00f3n en proyectos conjuntos que favorecen el desarrollo en el \u00e1rea energ\u00e9tica y de alimentos; as\u00ed como en el campo biotecnol\u00f3gico y farmac\u00e9utico.<\/p>\n<p>En otro momento, el presidente cubano evoc\u00f3 el papel integracionista de Hugo Ch\u00e1vez en Am\u00e9rica Latina y los pueblos del sur, la continuidad de Nicol\u00e1s Maduro y el ejemplo de Luiz In\u00e1cio Lula da Silva y Daniel Ortega, al frente de Brasil y Nicaragua, en ese orden.<\/p>\n<p>Al Mayadeen transmiti\u00f3 este domingo a la audiencia \u00e1rabe el primer momento del di\u00e1logo con el presidente de Cuba, Miguel D\u00edaz-Canel, como testimonio de la continuidad hist\u00f3rica de un modelo socialista, internacionalista, intelectual, pol\u00edtico, estrat\u00e9gico y humano.<\/p>\n<p>Este martes, la multiplataforma comunicacional proyectar\u00e1 la tercera y \u00faltima parte de la entrevista a las 21:00, hora local, y 15:00, hora de La Habana, a trav\u00e9s de su pantalla en \u00e1rabe y el canal de Youtube en espa\u00f1ol.<\/p>\n","protected":false},"excerpt":{"rendered":"<p>El mundo necesita un sistema de relaciones que defienda el multilateralismo, la paz y la solidaridad, signific\u00f3 este lunes el presidente de Cuba, Miguel D\u00edaz-Canel, en entrevista con el canal pan\u00e1rabe Al Mayadeen.<\/p>\n","protected":false},"author":22,"featured_media":9259,"comment_status":"open","ping_status":"open","sticky":false,"template":"","format":"standard","meta":{"_acf_changed":false,"footnotes":""},"categories":[3,8],"tags":[413,28,728],"coauthors":[],"class_list":["post-9258","post","type-post","status-publish","format-standard","has-post-thumbnail","hentry","category-cuba","category-noticia","tag-cuba-paz","tag-miguel-diaz-canel","tag-multilateralismo"],"acf":[],"_links":{"self":[{"href":"https:\/\/www.radiosanctispiritus.cu\/es\/wp-json\/wp\/v2\/posts\/9258","targetHints":{"allow":["GET"]}}],"collection":[{"href":"https:\/\/www.radiosanctispiritus.cu\/es\/wp-json\/wp\/v2\/posts"}],"about":[{"href":"https:\/\/www.radiosanctispiritus.cu\/es\/wp-json\/wp\/v2\/types\/post"}],"author":[{"embeddable":true,"href":"https:\/\/www.radiosanctispiritus.cu\/es\/wp-json\/wp\/v2\/users\/22"}],"replies":[{"embeddable":true,"href":"https:\/\/www.radiosanctispiritus.cu\/es\/wp-json\/wp\/v2\/comments?post=9258"}],"version-history":[{"count":0,"href":"https:\/\/www.radiosanctispiritus.cu\/es\/wp-json\/wp\/v2\/posts\/9258\/revisions"}],"wp:featuredmedia":[{"embeddable":true,"href":"https:\/\/www.radiosanctispiritus.cu\/es\/wp-json\/wp\/v2\/media\/9259"}],"wp:attachment":[{"href":"https:\/\/www.radiosanctispiritus.cu\/es\/wp-json\/wp\/v2\/media?parent=9258"}],"wp:term":[{"taxonomy":"category","embeddable":true,"href":"https:\/\/www.radiosanctispiritus.cu\/es\/wp-json\/wp\/v2\/categories?post=9258"},{"taxonomy":"post_tag","embeddable":true,"href":"https:\/\/www.radiosanctispiritus.cu\/es\/wp-json\/wp\/v2\/tags?post=9258"},{"taxonomy":"author","embeddable":true,"href":"https:\/\/www.radiosanctispiritus.cu\/es\/wp-json\/wp\/v2\/coauthors?post=9258"}],"curies":[{"name":"wp","href":"https:\/\/api.w.org\/{rel}","templated":true}]}}