{"id":9074,"date":"2023-03-15T22:04:15","date_gmt":"2023-03-16T02:04:15","guid":{"rendered":"https:\/\/www.radiosanctispiritus.cu\/es\/?p=9074"},"modified":"2023-03-16T12:01:47","modified_gmt":"2023-03-16T16:01:47","slug":"cierra-primera-etapa-de-exportacion-de-aridos-al-caribe-por-puerto-de-casilda","status":"publish","type":"post","link":"https:\/\/www.radiosanctispiritus.cu\/es\/cierra-primera-etapa-de-exportacion-de-aridos-al-caribe-por-puerto-de-casilda\/","title":{"rendered":"Cierra primera etapa de exportaci\u00f3n de \u00e1ridos al Caribe por puerto de Casilda"},"content":{"rendered":"<p>Cuatro embarques de arena azul lavada desde el puerto de Casilda hacia el \u00e1rea del Caribe cierran la primera etapa de esta operaci\u00f3n, iniciada finales de noviembre del pasado a\u00f1o, fecha que marc\u00f3 el reinicio de las exportaciones de \u00e1ridos por la rada trinitaria.<\/p>\n<audio class=\"wp-audio-shortcode\" id=\"audio-9074-1\" preload=\"none\" style=\"width: 100%;\" controls=\"controls\"><source type=\"audio\/mpeg\" src=\"https:\/\/www.ivoox.com\/juan-carlos-naranjo-al-dia-15-3-23_md_104680101_wp_1.mp3?_=1\" \/><a href=\"https:\/\/www.ivoox.com\/juan-carlos-naranjo-al-dia-15-3-23_md_104680101_wp_1.mp3\" target=\"_blank\" rel=\"noopener\">https:\/\/www.ivoox.com\/juan-carlos-naranjo-al-dia-15-3-23_md_104680101_wp_1.mp3<\/a><\/audio>\n<p>&nbsp;<\/p>\n","protected":false},"excerpt":{"rendered":"<p>Cuatro embarques de arena azul lavada desde el puerto de Casilda hacia el \u00e1rea del Caribe cierran la primera etapa de esta operaci\u00f3n, iniciada finales de noviembre del pasado a\u00f1o, fecha que marc\u00f3 el reinicio de las exportaciones de \u00e1ridos por la rada trinitaria.<\/p>\n","protected":false},"author":145,"featured_media":9075,"comment_status":"open","ping_status":"open","sticky":false,"template":"","format":"standard","meta":{"_acf_changed":false,"footnotes":""},"categories":[16,9,8,1],"tags":[719,720,721,722,54],"coauthors":[],"class_list":["post-9074","post","type-post","status-publish","format-standard","has-post-thumbnail","hentry","category-economia","category-en-audio","category-noticia","category-sancti-spiritus","tag-casilda","tag-exportacion","tag-fondos-exportables","tag-puerto","tag-trinidad-de-cuba"],"acf":[],"_links":{"self":[{"href":"https:\/\/www.radiosanctispiritus.cu\/es\/wp-json\/wp\/v2\/posts\/9074","targetHints":{"allow":["GET"]}}],"collection":[{"href":"https:\/\/www.radiosanctispiritus.cu\/es\/wp-json\/wp\/v2\/posts"}],"about":[{"href":"https:\/\/www.radiosanctispiritus.cu\/es\/wp-json\/wp\/v2\/types\/post"}],"author":[{"embeddable":true,"href":"https:\/\/www.radiosanctispiritus.cu\/es\/wp-json\/wp\/v2\/users\/145"}],"replies":[{"embeddable":true,"href":"https:\/\/www.radiosanctispiritus.cu\/es\/wp-json\/wp\/v2\/comments?post=9074"}],"version-history":[{"count":0,"href":"https:\/\/www.radiosanctispiritus.cu\/es\/wp-json\/wp\/v2\/posts\/9074\/revisions"}],"wp:featuredmedia":[{"embeddable":true,"href":"https:\/\/www.radiosanctispiritus.cu\/es\/wp-json\/wp\/v2\/media\/9075"}],"wp:attachment":[{"href":"https:\/\/www.radiosanctispiritus.cu\/es\/wp-json\/wp\/v2\/media?parent=9074"}],"wp:term":[{"taxonomy":"category","embeddable":true,"href":"https:\/\/www.radiosanctispiritus.cu\/es\/wp-json\/wp\/v2\/categories?post=9074"},{"taxonomy":"post_tag","embeddable":true,"href":"https:\/\/www.radiosanctispiritus.cu\/es\/wp-json\/wp\/v2\/tags?post=9074"},{"taxonomy":"author","embeddable":true,"href":"https:\/\/www.radiosanctispiritus.cu\/es\/wp-json\/wp\/v2\/coauthors?post=9074"}],"curies":[{"name":"wp","href":"https:\/\/api.w.org\/{rel}","templated":true}]}}