{"id":8928,"date":"2023-03-11T07:49:33","date_gmt":"2023-03-11T12:49:33","guid":{"rendered":"https:\/\/www.radiosanctispiritus.cu\/es\/?p=8928"},"modified":"2023-03-11T07:50:00","modified_gmt":"2023-03-11T12:50:00","slug":"culmina-en-sancti-spiritus-campana-de-vacunacion-antipoliomielitica","status":"publish","type":"post","link":"https:\/\/www.radiosanctispiritus.cu\/es\/culmina-en-sancti-spiritus-campana-de-vacunacion-antipoliomielitica\/","title":{"rendered":"Culmina en Sancti Sp\u00edritus campa\u00f1a de vacunaci\u00f3n antipoliomiel\u00edtica"},"content":{"rendered":"<p>La Campa\u00f1a nacional de vacunaci\u00f3n antipoliomelitica\u00a0 en el municipio de Sancti Sp\u00edritus concluir\u00e1 su primera etapa este 11 de marzo<\/p>\n<audio class=\"wp-audio-shortcode\" id=\"audio-8928-1\" preload=\"none\" style=\"width: 100%;\" controls=\"controls\"><source type=\"audio\/mpeg\" src=\"https:\/\/www.ivoox.com\/yoanna-herrera-upm-10-3-23_md_104380396_wp_1.mp3?_=1\" \/><a href=\"https:\/\/www.ivoox.com\/yoanna-herrera-upm-10-3-23_md_104380396_wp_1.mp3\" target=\"_blank\" rel=\"noopener\">https:\/\/www.ivoox.com\/yoanna-herrera-upm-10-3-23_md_104380396_wp_1.mp3<\/a><\/audio>\n<p>&nbsp;<\/p>\n","protected":false},"excerpt":{"rendered":"<p>La Campa\u00f1a de vacunaci\u00f3n antipoliomelitica\u00a0en Sancti Sp\u00edritus concluye su primera etapa este 11 de marzo\u00a0<\/p>\n","protected":false},"author":119,"featured_media":8929,"comment_status":"open","ping_status":"open","sticky":false,"template":"","format":"standard","meta":{"_acf_changed":false,"footnotes":""},"categories":[9,5],"tags":[],"coauthors":[],"class_list":["post-8928","post","type-post","status-publish","format-standard","has-post-thumbnail","hentry","category-en-audio","category-salud"],"acf":[],"_links":{"self":[{"href":"https:\/\/www.radiosanctispiritus.cu\/es\/wp-json\/wp\/v2\/posts\/8928","targetHints":{"allow":["GET"]}}],"collection":[{"href":"https:\/\/www.radiosanctispiritus.cu\/es\/wp-json\/wp\/v2\/posts"}],"about":[{"href":"https:\/\/www.radiosanctispiritus.cu\/es\/wp-json\/wp\/v2\/types\/post"}],"author":[{"embeddable":true,"href":"https:\/\/www.radiosanctispiritus.cu\/es\/wp-json\/wp\/v2\/users\/119"}],"replies":[{"embeddable":true,"href":"https:\/\/www.radiosanctispiritus.cu\/es\/wp-json\/wp\/v2\/comments?post=8928"}],"version-history":[{"count":0,"href":"https:\/\/www.radiosanctispiritus.cu\/es\/wp-json\/wp\/v2\/posts\/8928\/revisions"}],"wp:featuredmedia":[{"embeddable":true,"href":"https:\/\/www.radiosanctispiritus.cu\/es\/wp-json\/wp\/v2\/media\/8929"}],"wp:attachment":[{"href":"https:\/\/www.radiosanctispiritus.cu\/es\/wp-json\/wp\/v2\/media?parent=8928"}],"wp:term":[{"taxonomy":"category","embeddable":true,"href":"https:\/\/www.radiosanctispiritus.cu\/es\/wp-json\/wp\/v2\/categories?post=8928"},{"taxonomy":"post_tag","embeddable":true,"href":"https:\/\/www.radiosanctispiritus.cu\/es\/wp-json\/wp\/v2\/tags?post=8928"},{"taxonomy":"author","embeddable":true,"href":"https:\/\/www.radiosanctispiritus.cu\/es\/wp-json\/wp\/v2\/coauthors?post=8928"}],"curies":[{"name":"wp","href":"https:\/\/api.w.org\/{rel}","templated":true}]}}