{"id":8835,"date":"2023-03-08T21:07:05","date_gmt":"2023-03-09T02:07:05","guid":{"rendered":"https:\/\/www.radiosanctispiritus.cu\/es\/?p=8835"},"modified":"2023-03-08T21:07:05","modified_gmt":"2023-03-09T02:07:05","slug":"aboga-diaz-canel-por-sociedad-digital-sin-brechas","status":"publish","type":"post","link":"https:\/\/www.radiosanctispiritus.cu\/es\/aboga-diaz-canel-por-sociedad-digital-sin-brechas\/","title":{"rendered":"Aboga D\u00edaz-Canel por sociedad digital sin brechas"},"content":{"rendered":"<p>Miguel D\u00edaz-Canel Berm\u00fadez, Primer Secretario del Comit\u00e9 Central del Partido Comunista y Presidente de la Rep\u00fablica, abog\u00f3 este mi\u00e9rcoles por una sociedad del conocimiento que apoye el proceso de construcci\u00f3n del Socialismo en Cuba, sin brechas y desigualdades, y que sea emancipadora.<\/p>\n<p>En la clausura de la Segunda Asamblea General de la Uni\u00f3n de Inform\u00e1ticos de Cuba (UIC), el mandatario, quien felicit\u00f3 a las mujeres por su D\u00eda Internacional, agradeci\u00f3 a la organizaci\u00f3n por los aportes en materia de transformaci\u00f3n digital y ret\u00f3 a sus miembros a continuar en la b\u00fasqueda de esa sociedad digital.<\/p>\n<p>En el Palacio de Convenciones de La Habana, Mayra Arevich Mar\u00edn, ministra de Comunicaciones, coment\u00f3 a los presentes que en el escenario actual, la organizaci\u00f3n deber\u00e1 fortalecer la unidad e integraci\u00f3n en la lucha por la soberan\u00eda nacional y la defensa de la identidad cultural.<\/p>\n<p>Consider\u00f3 que para el periodo 2023-2028, la UIC tiene el prop\u00f3sito de contribuir al desarrollo territorial desde la gesti\u00f3n del conocimiento y propiciar que los proyectos puedan constituir fondos exportables, as\u00ed como la contribuci\u00f3n de los mismos a los Objetivos de Desarrollo Sostenible y a la futura Agenda Digital cubana.<\/p>\n<p>Es imprescindible que la organizaci\u00f3n contin\u00fae articulando a todos los actores del desarrollo local e incorpore la ciencia y la innovaci\u00f3n a su desempe\u00f1o, de manera que contribuya al gobierno digital, en funci\u00f3n de brindar mayores oportunidades al ciudadano, acot\u00f3 la Ministra.<\/p>\n<p>Aylin Febles Estrada, presidenta nacional de la UIC y reelecta este mi\u00e9rcoles para el periodo 2023-2028, se refiri\u00f3 al papel de la organizaci\u00f3n en la transformaci\u00f3n cultural de los ciudadanos en temas digitales, proyecci\u00f3n que impulsa la direcci\u00f3n del pa\u00eds y obliga a trabajar con precisi\u00f3n en el cumplimiento de las tareas.<\/p>\n<p>Al decir de la Presidenta nacional de la UIC, la realizaci\u00f3n de la asamblea reafirm\u00f3 la hip\u00f3tesis planteada hace siete a\u00f1os de que contar con una organizaci\u00f3n que agrupara los profesionales de las nuevas tecnolog\u00edas, la autom\u00e1tica y la electr\u00f3nica ser\u00eda un importante apoyo al desarrollo del pa\u00eds.<\/p>\n<p>En la clausura tambi\u00e9n se homenaje\u00f3 a entidades por su apoyo incondicional a la organizaci\u00f3n m\u00e1s joven de la sociedad civil cubana, y se entreg\u00f3 a Melchor Gil Morel, quien fuera rector de la Universidad de Ciencias Inform\u00e1ticas, el reconocimiento por la obra de la vida a favor de la UIC.<\/p>\n<p>Durante dos jornadas los miembros de la UIC debatieron en La Habana en torno a la gesti\u00f3n del conocimiento y la innovaci\u00f3n, las relaciones internacionales y con otras organizaciones del pa\u00eds, las tecnolog\u00edas de la informaci\u00f3n y la comunicaci\u00f3n, y la capacitaci\u00f3n.<\/p>\n<p>Estuvieron presentes tambi\u00e9n Yud\u00ed Rodr\u00edguez Hern\u00e1ndez, miembro del Secretariado del Comit\u00e9 Central del Partido Comunista y jefa de su Departamento de Atenci\u00f3n a los Servicios; y Jorge Luis Perdomo Di-Lella, vice primer ministro de la Rep\u00fablica.<\/p>\n","protected":false},"excerpt":{"rendered":"<p>La realizaci\u00f3n de la asamblea reafirm\u00f3 la hip\u00f3tesis planteada hace siete a\u00f1os de que contar con una organizaci\u00f3n que agrupara los profesionales de las nuevas tecnolog\u00edas, la autom\u00e1tica y la electr\u00f3nica ser\u00eda un importante apoyo al desarrollo del pa\u00eds.<\/p>\n","protected":false},"author":123,"featured_media":8836,"comment_status":"open","ping_status":"open","sticky":false,"template":"","format":"standard","meta":{"_acf_changed":false,"footnotes":""},"categories":[3,8],"tags":[640,676,28,716],"coauthors":[],"class_list":["post-8835","post","type-post","status-publish","format-standard","has-post-thumbnail","hentry","category-cuba","category-noticia","tag-digitalizacion","tag-informatizacion","tag-miguel-diaz-canel","tag-uic"],"acf":[],"_links":{"self":[{"href":"https:\/\/www.radiosanctispiritus.cu\/es\/wp-json\/wp\/v2\/posts\/8835","targetHints":{"allow":["GET"]}}],"collection":[{"href":"https:\/\/www.radiosanctispiritus.cu\/es\/wp-json\/wp\/v2\/posts"}],"about":[{"href":"https:\/\/www.radiosanctispiritus.cu\/es\/wp-json\/wp\/v2\/types\/post"}],"author":[{"embeddable":true,"href":"https:\/\/www.radiosanctispiritus.cu\/es\/wp-json\/wp\/v2\/users\/123"}],"replies":[{"embeddable":true,"href":"https:\/\/www.radiosanctispiritus.cu\/es\/wp-json\/wp\/v2\/comments?post=8835"}],"version-history":[{"count":0,"href":"https:\/\/www.radiosanctispiritus.cu\/es\/wp-json\/wp\/v2\/posts\/8835\/revisions"}],"wp:featuredmedia":[{"embeddable":true,"href":"https:\/\/www.radiosanctispiritus.cu\/es\/wp-json\/wp\/v2\/media\/8836"}],"wp:attachment":[{"href":"https:\/\/www.radiosanctispiritus.cu\/es\/wp-json\/wp\/v2\/media?parent=8835"}],"wp:term":[{"taxonomy":"category","embeddable":true,"href":"https:\/\/www.radiosanctispiritus.cu\/es\/wp-json\/wp\/v2\/categories?post=8835"},{"taxonomy":"post_tag","embeddable":true,"href":"https:\/\/www.radiosanctispiritus.cu\/es\/wp-json\/wp\/v2\/tags?post=8835"},{"taxonomy":"author","embeddable":true,"href":"https:\/\/www.radiosanctispiritus.cu\/es\/wp-json\/wp\/v2\/coauthors?post=8835"}],"curies":[{"name":"wp","href":"https:\/\/api.w.org\/{rel}","templated":true}]}}