{"id":869,"date":"2022-08-09T11:34:37","date_gmt":"2022-08-09T15:34:37","guid":{"rendered":"https:\/\/www.radiosanctispiritus.cu\/es\/?p=869"},"modified":"2022-08-09T13:07:50","modified_gmt":"2022-08-09T17:07:50","slug":"en-fotos-zona-industrial-de-matanzas-en-la-manana-del-9-de-agosto","status":"publish","type":"post","link":"https:\/\/www.radiosanctispiritus.cu\/es\/en-fotos-zona-industrial-de-matanzas-en-la-manana-del-9-de-agosto\/","title":{"rendered":"En fotos Zona Industrial de Matanzas en la ma\u00f1ana del 9 de agosto"},"content":{"rendered":"\n\t\t<style type=\"text\/css\">\n\t\t\t#gallery-1 {\n\t\t\t\tmargin: auto;\n\t\t\t}\n\t\t\t#gallery-1 .gallery-item {\n\t\t\t\tfloat: left;\n\t\t\t\tmargin-top: 10px;\n\t\t\t\ttext-align: center;\n\t\t\t\twidth: 33%;\n\t\t\t}\n\t\t\t#gallery-1 img {\n\t\t\t\tborder: 2px solid #cfcfcf;\n\t\t\t}\n\t\t\t#gallery-1 .gallery-caption {\n\t\t\t\tmargin-left: 0;\n\t\t\t}\n\t\t\t\/* see gallery_shortcode() in wp-includes\/media.php *\/\n\t\t<\/style>\n\t\t<div id='gallery-1' class='gallery galleryid-869 gallery-columns-3 gallery-size-thumbnail'><dl class='gallery-item'>\n\t\t\t<dt class='gallery-icon landscape'>\n\t\t\t\t<a href='https:\/\/www.radiosanctispiritus.cu\/es\/en-fotos-zona-industrial-de-matanzas-en-la-manana-del-9-de-agosto\/base-supertanqueros-zona-industrial-matanzas-1-1024x768\/'><img decoding=\"async\" width=\"80\" height=\"80\" src=\"https:\/\/www.radiosanctispiritus.cu\/es\/wp-content\/uploads\/base-supertanqueros-zona-industrial-matanzas-1-1024x768-1-80x80.jpeg\" class=\"attachment-thumbnail size-thumbnail\" alt=\"\" srcset=\"https:\/\/www.radiosanctispiritus.cu\/es\/wp-content\/uploads\/base-supertanqueros-zona-industrial-matanzas-1-1024x768-1-80x80.jpeg 80w, https:\/\/www.radiosanctispiritus.cu\/es\/wp-content\/uploads\/base-supertanqueros-zona-industrial-matanzas-1-1024x768-1-150x150.jpeg 150w\" sizes=\"(max-width: 80px) 100vw, 80px\" \/><\/a>\n\t\t\t<\/dt><\/dl><dl class='gallery-item'>\n\t\t\t<dt class='gallery-icon landscape'>\n\t\t\t\t<a href='https:\/\/www.radiosanctispiritus.cu\/es\/en-fotos-zona-industrial-de-matanzas-en-la-manana-del-9-de-agosto\/base-supertanqueros-zona-industrial-matanzas-2-1024x768\/'><img decoding=\"async\" width=\"80\" height=\"80\" src=\"https:\/\/www.radiosanctispiritus.cu\/es\/wp-content\/uploads\/base-supertanqueros-zona-industrial-matanzas-2-1024x768-1-80x80.jpeg\" class=\"attachment-thumbnail size-thumbnail\" alt=\"\" srcset=\"https:\/\/www.radiosanctispiritus.cu\/es\/wp-content\/uploads\/base-supertanqueros-zona-industrial-matanzas-2-1024x768-1-80x80.jpeg 80w, https:\/\/www.radiosanctispiritus.cu\/es\/wp-content\/uploads\/base-supertanqueros-zona-industrial-matanzas-2-1024x768-1-150x150.jpeg 150w\" sizes=\"(max-width: 80px) 100vw, 80px\" \/><\/a>\n\t\t\t<\/dt><\/dl><dl class='gallery-item'>\n\t\t\t<dt class='gallery-icon landscape'>\n\t\t\t\t<a href='https:\/\/www.radiosanctispiritus.cu\/es\/en-fotos-zona-industrial-de-matanzas-en-la-manana-del-9-de-agosto\/base-supertanqueros-zona-industrial-matanzas-4-820x500\/'><img decoding=\"async\" width=\"80\" height=\"80\" src=\"https:\/\/www.radiosanctispiritus.cu\/es\/wp-content\/uploads\/base-supertanqueros-zona-industrial-matanzas-4-820x500-1-80x80.jpeg\" class=\"attachment-thumbnail size-thumbnail\" alt=\"\" srcset=\"https:\/\/www.radiosanctispiritus.cu\/es\/wp-content\/uploads\/base-supertanqueros-zona-industrial-matanzas-4-820x500-1-80x80.jpeg 80w, https:\/\/www.radiosanctispiritus.cu\/es\/wp-content\/uploads\/base-supertanqueros-zona-industrial-matanzas-4-820x500-1-150x150.jpeg 150w\" sizes=\"(max-width: 80px) 100vw, 80px\" \/><\/a>\n\t\t\t<\/dt><\/dl><br style=\"clear: both\" \/><dl class='gallery-item'>\n\t\t\t<dt class='gallery-icon landscape'>\n\t\t\t\t<a href='https:\/\/www.radiosanctispiritus.cu\/es\/en-fotos-zona-industrial-de-matanzas-en-la-manana-del-9-de-agosto\/base-supertanqueros-zona-industrial-matanzas-6-1024x768\/'><img decoding=\"async\" width=\"80\" height=\"80\" src=\"https:\/\/www.radiosanctispiritus.cu\/es\/wp-content\/uploads\/base-supertanqueros-zona-industrial-matanzas-6-1024x768-1-80x80.jpeg\" class=\"attachment-thumbnail size-thumbnail\" alt=\"\" srcset=\"https:\/\/www.radiosanctispiritus.cu\/es\/wp-content\/uploads\/base-supertanqueros-zona-industrial-matanzas-6-1024x768-1-80x80.jpeg 80w, https:\/\/www.radiosanctispiritus.cu\/es\/wp-content\/uploads\/base-supertanqueros-zona-industrial-matanzas-6-1024x768-1-150x150.jpeg 150w\" sizes=\"(max-width: 80px) 100vw, 80px\" \/><\/a>\n\t\t\t<\/dt><\/dl><dl class='gallery-item'>\n\t\t\t<dt class='gallery-icon landscape'>\n\t\t\t\t<a href='https:\/\/www.radiosanctispiritus.cu\/es\/en-fotos-zona-industrial-de-matanzas-en-la-manana-del-9-de-agosto\/base-supertanqueros-zona-industrial-matanzas-7-1024x768\/'><img decoding=\"async\" width=\"80\" height=\"80\" src=\"https:\/\/www.radiosanctispiritus.cu\/es\/wp-content\/uploads\/base-supertanqueros-zona-industrial-matanzas-7-1024x768-1-80x80.jpeg\" class=\"attachment-thumbnail size-thumbnail\" alt=\"\" srcset=\"https:\/\/www.radiosanctispiritus.cu\/es\/wp-content\/uploads\/base-supertanqueros-zona-industrial-matanzas-7-1024x768-1-80x80.jpeg 80w, https:\/\/www.radiosanctispiritus.cu\/es\/wp-content\/uploads\/base-supertanqueros-zona-industrial-matanzas-7-1024x768-1-150x150.jpeg 150w\" sizes=\"(max-width: 80px) 100vw, 80px\" \/><\/a>\n\t\t\t<\/dt><\/dl><dl class='gallery-item'>\n\t\t\t<dt class='gallery-icon landscape'>\n\t\t\t\t<a href='https:\/\/www.radiosanctispiritus.cu\/es\/en-fotos-zona-industrial-de-matanzas-en-la-manana-del-9-de-agosto\/base-supertanqueros-zona-industrial-matanzas-8-1024x768\/'><img decoding=\"async\" width=\"80\" height=\"80\" src=\"https:\/\/www.radiosanctispiritus.cu\/es\/wp-content\/uploads\/base-supertanqueros-zona-industrial-matanzas-8-1024x768-1-80x80.jpeg\" class=\"attachment-thumbnail size-thumbnail\" alt=\"\" srcset=\"https:\/\/www.radiosanctispiritus.cu\/es\/wp-content\/uploads\/base-supertanqueros-zona-industrial-matanzas-8-1024x768-1-80x80.jpeg 80w, https:\/\/www.radiosanctispiritus.cu\/es\/wp-content\/uploads\/base-supertanqueros-zona-industrial-matanzas-8-1024x768-1-150x150.jpeg 150w\" sizes=\"(max-width: 80px) 100vw, 80px\" \/><\/a>\n\t\t\t<\/dt><\/dl><br style=\"clear: both\" \/><dl class='gallery-item'>\n\t\t\t<dt class='gallery-icon landscape'>\n\t\t\t\t<a href='https:\/\/www.radiosanctispiritus.cu\/es\/en-fotos-zona-industrial-de-matanzas-en-la-manana-del-9-de-agosto\/base-supertanqueros-zona-industrial-matanzas-11-1024x768\/'><img decoding=\"async\" width=\"80\" height=\"80\" src=\"https:\/\/www.radiosanctispiritus.cu\/es\/wp-content\/uploads\/base-supertanqueros-zona-industrial-matanzas-11-1024x768-1-80x80.jpeg\" class=\"attachment-thumbnail size-thumbnail\" alt=\"\" srcset=\"https:\/\/www.radiosanctispiritus.cu\/es\/wp-content\/uploads\/base-supertanqueros-zona-industrial-matanzas-11-1024x768-1-80x80.jpeg 80w, https:\/\/www.radiosanctispiritus.cu\/es\/wp-content\/uploads\/base-supertanqueros-zona-industrial-matanzas-11-1024x768-1-150x150.jpeg 150w\" sizes=\"(max-width: 80px) 100vw, 80px\" \/><\/a>\n\t\t\t<\/dt><\/dl><dl class='gallery-item'>\n\t\t\t<dt class='gallery-icon portrait'>\n\t\t\t\t<a href='https:\/\/www.radiosanctispiritus.cu\/es\/en-fotos-zona-industrial-de-matanzas-en-la-manana-del-9-de-agosto\/base-supertanqueros-zona-industrial-matanzas-13-768x1024\/'><img decoding=\"async\" width=\"80\" height=\"80\" src=\"https:\/\/www.radiosanctispiritus.cu\/es\/wp-content\/uploads\/base-supertanqueros-zona-industrial-matanzas-13-768x1024-1-80x80.jpeg\" class=\"attachment-thumbnail size-thumbnail\" alt=\"\" srcset=\"https:\/\/www.radiosanctispiritus.cu\/es\/wp-content\/uploads\/base-supertanqueros-zona-industrial-matanzas-13-768x1024-1-80x80.jpeg 80w, https:\/\/www.radiosanctispiritus.cu\/es\/wp-content\/uploads\/base-supertanqueros-zona-industrial-matanzas-13-768x1024-1-150x150.jpeg 150w\" sizes=\"(max-width: 80px) 100vw, 80px\" \/><\/a>\n\t\t\t<\/dt><\/dl><dl class='gallery-item'>\n\t\t\t<dt class='gallery-icon landscape'>\n\t\t\t\t<a href='https:\/\/www.radiosanctispiritus.cu\/es\/en-fotos-zona-industrial-de-matanzas-en-la-manana-del-9-de-agosto\/base-supertanqueros-zona-industrial-matanzas-14-1024x768\/'><img decoding=\"async\" width=\"80\" height=\"80\" src=\"https:\/\/www.radiosanctispiritus.cu\/es\/wp-content\/uploads\/base-supertanqueros-zona-industrial-matanzas-14-1024x768-1-80x80.jpeg\" class=\"attachment-thumbnail size-thumbnail\" alt=\"\" srcset=\"https:\/\/www.radiosanctispiritus.cu\/es\/wp-content\/uploads\/base-supertanqueros-zona-industrial-matanzas-14-1024x768-1-80x80.jpeg 80w, https:\/\/www.radiosanctispiritus.cu\/es\/wp-content\/uploads\/base-supertanqueros-zona-industrial-matanzas-14-1024x768-1-150x150.jpeg 150w\" sizes=\"(max-width: 80px) 100vw, 80px\" \/><\/a>\n\t\t\t<\/dt><\/dl><br style=\"clear: both\" \/><dl class='gallery-item'>\n\t\t\t<dt class='gallery-icon landscape'>\n\t\t\t\t<a href='https:\/\/www.radiosanctispiritus.cu\/es\/en-fotos-zona-industrial-de-matanzas-en-la-manana-del-9-de-agosto\/base-supertanqueros-zona-industrial-matanzas-15-1024x768\/'><img decoding=\"async\" width=\"80\" height=\"80\" src=\"https:\/\/www.radiosanctispiritus.cu\/es\/wp-content\/uploads\/base-supertanqueros-zona-industrial-matanzas-15-1024x768-1-80x80.jpeg\" class=\"attachment-thumbnail size-thumbnail\" alt=\"\" srcset=\"https:\/\/www.radiosanctispiritus.cu\/es\/wp-content\/uploads\/base-supertanqueros-zona-industrial-matanzas-15-1024x768-1-80x80.jpeg 80w, https:\/\/www.radiosanctispiritus.cu\/es\/wp-content\/uploads\/base-supertanqueros-zona-industrial-matanzas-15-1024x768-1-150x150.jpeg 150w\" sizes=\"(max-width: 80px) 100vw, 80px\" \/><\/a>\n\t\t\t<\/dt><\/dl><dl class='gallery-item'>\n\t\t\t<dt class='gallery-icon landscape'>\n\t\t\t\t<a href='https:\/\/www.radiosanctispiritus.cu\/es\/en-fotos-zona-industrial-de-matanzas-en-la-manana-del-9-de-agosto\/base-supertanqueros-zona-industrial-matanzas-16-1024x768\/'><img decoding=\"async\" width=\"80\" height=\"80\" src=\"https:\/\/www.radiosanctispiritus.cu\/es\/wp-content\/uploads\/base-supertanqueros-zona-industrial-matanzas-16-1024x768-1-80x80.jpeg\" class=\"attachment-thumbnail size-thumbnail\" alt=\"\" srcset=\"https:\/\/www.radiosanctispiritus.cu\/es\/wp-content\/uploads\/base-supertanqueros-zona-industrial-matanzas-16-1024x768-1-80x80.jpeg 80w, https:\/\/www.radiosanctispiritus.cu\/es\/wp-content\/uploads\/base-supertanqueros-zona-industrial-matanzas-16-1024x768-1-150x150.jpeg 150w\" sizes=\"(max-width: 80px) 100vw, 80px\" \/><\/a>\n\t\t\t<\/dt><\/dl>\n\t\t\t<br style='clear: both' \/>\n\t\t<\/div>\n\n","protected":false},"excerpt":{"rendered":"<p>Algunas im\u00e1genes de varios lugares de la Zona Industrial de Matanzas d\u00f3nde ya se control\u00f3 el incendio.<\/p>\n","protected":false},"author":127,"featured_media":875,"comment_status":"open","ping_status":"open","sticky":false,"template":"","format":"standard","meta":{"_acf_changed":false,"footnotes":""},"categories":[8],"tags":[134,135],"coauthors":[],"class_list":["post-869","post","type-post","status-publish","format-standard","has-post-thumbnail","hentry","category-noticia","tag-incendio","tag-matanzas"],"acf":[],"_links":{"self":[{"href":"https:\/\/www.radiosanctispiritus.cu\/es\/wp-json\/wp\/v2\/posts\/869","targetHints":{"allow":["GET"]}}],"collection":[{"href":"https:\/\/www.radiosanctispiritus.cu\/es\/wp-json\/wp\/v2\/posts"}],"about":[{"href":"https:\/\/www.radiosanctispiritus.cu\/es\/wp-json\/wp\/v2\/types\/post"}],"author":[{"embeddable":true,"href":"https:\/\/www.radiosanctispiritus.cu\/es\/wp-json\/wp\/v2\/users\/127"}],"replies":[{"embeddable":true,"href":"https:\/\/www.radiosanctispiritus.cu\/es\/wp-json\/wp\/v2\/comments?post=869"}],"version-history":[{"count":0,"href":"https:\/\/www.radiosanctispiritus.cu\/es\/wp-json\/wp\/v2\/posts\/869\/revisions"}],"wp:featuredmedia":[{"embeddable":true,"href":"https:\/\/www.radiosanctispiritus.cu\/es\/wp-json\/wp\/v2\/media\/875"}],"wp:attachment":[{"href":"https:\/\/www.radiosanctispiritus.cu\/es\/wp-json\/wp\/v2\/media?parent=869"}],"wp:term":[{"taxonomy":"category","embeddable":true,"href":"https:\/\/www.radiosanctispiritus.cu\/es\/wp-json\/wp\/v2\/categories?post=869"},{"taxonomy":"post_tag","embeddable":true,"href":"https:\/\/www.radiosanctispiritus.cu\/es\/wp-json\/wp\/v2\/tags?post=869"},{"taxonomy":"author","embeddable":true,"href":"https:\/\/www.radiosanctispiritus.cu\/es\/wp-json\/wp\/v2\/coauthors?post=869"}],"curies":[{"name":"wp","href":"https:\/\/api.w.org\/{rel}","templated":true}]}}