{"id":8425,"date":"2023-02-24T23:06:57","date_gmt":"2023-02-25T04:06:57","guid":{"rendered":"https:\/\/www.radiosanctispiritus.cu\/es\/?p=8425"},"modified":"2023-02-24T23:06:57","modified_gmt":"2023-02-25T04:06:57","slug":"reconoce-la-uneac-a-destacado-intelectual-espirituano","status":"publish","type":"post","link":"https:\/\/www.radiosanctispiritus.cu\/es\/reconoce-la-uneac-a-destacado-intelectual-espirituano\/","title":{"rendered":"Reconoce la Uneac a destacado intelectual espirituano"},"content":{"rendered":"<p>La Pe\u00f1a de las Artes Pl\u00e1sticas, en la sede de la Uni\u00f3n de Escritores y Artistas de Cuba (Uneac) en Sancti Sp\u00edritus, reconoci\u00f3 este viernes el aporte del periodista y fot\u00f3grafo Ra\u00fal Garc\u00eda (Garal) a la cultura.<\/p>\n<p>Marcos Antonio Calder\u00f3n, presidente del Comit\u00e9 Provincial de la Uneac, entreg\u00f3 al homenajeado el sello conmemorativo aniversario 60 de la organizaci\u00f3n, el cual reconoce a personalidades con destacada trayectoria dentro de la organizaci\u00f3n.<\/p>\n<p>Esta Pe\u00f1a la dirige el pintor y poeta Hermes Entenza, quien se\u00f1al\u00f3 que el invitado, miembro de la Uneac territorial, \u201ces uno de los creadores m\u00e1s importantes de la naci\u00f3n por su obra fotogr\u00e1fica y las t\u00e9cnicas que emplea en ello\u201d.<\/p>\n<p>Destac\u00f3 los v\u00ednculos de Garal con la cultura espirituana, \u201cque lo hace muy valioso. Es de los primeros fot\u00f3grafos de aqu\u00ed que hac\u00eda cosas diferentes. La fotograf\u00eda est\u00e1 ah\u00ed, el arte est\u00e1 en captarla\u201d, sentenci\u00f3.<\/p>\n<p>El tambi\u00e9n delegado de la Corresponsal\u00eda de Prensa Latina en Sancti Sp\u00edritus hizo un recuento de su vida profesional y personal, en la cual resalt\u00f3 las profundas ra\u00edces martianas inculcadas desde la ni\u00f1ez por su madre hacia el H\u00e9roe Nacional de Cuba Jos\u00e9 Mart\u00ed (1853-1895).<\/p>\n<p>Mi vida estuvo marcada, explic\u00f3, por v\u00ednculos con la cultura y el transitar por diferentes medios de comunicaci\u00f3n.<\/p>\n<p>Narr\u00f3 su estancia en la Rep\u00fablica Popular de Angola y la posibilidad de estar en varios momentos cerca del l\u00edder hist\u00f3rico de la Revoluci\u00f3n cubana, Fidel Castro Ruz (1926-2016), y poder tomarle un sinn\u00famero de fotos.<\/p>\n<p>Al ser interpelado por el fil\u00f3logo y artista de la pl\u00e1stica Mario F\u00e9lix Bernal sobre cu\u00e1l ha sido el momento de su vida m\u00e1s importante como protagonista, Garc\u00eda respondi\u00f3 que la reciente entrega de la r\u00e9plica del machete del Mayor General Seraf\u00edn S\u00e1nchez Valdivia.<\/p>\n<p>Ampli\u00f3 que este reconocimiento, el m\u00e1ximo que otorga el Gobierno en la provincia, es muy importante para \u00e9l por ser Seraf\u00edn, h\u00e9roe de las tres guerras de independencia del siglo XIX, amigo entra\u00f1able y colaborador de Jos\u00e9 Mart\u00ed, inspirador de la llamada Guerra Necesaria.<\/p>\n<p>El tr\u00edo Colonial ameniz\u00f3 la actividad con n\u00fameros de la trova tradicional como Juramento y Retorna, de Miguel Matamoros y Sindo Garay, respectivamente, as\u00ed como con Un cantar a Sancti Sp\u00edritus, de Reinaldo M\u00e9ndez, integrante del tr\u00edo.<\/p>\n<p>En esta \u00faltima melod\u00eda se exalta a la Iglesia Parroquial Mayor, el puente sobre el r\u00edo Yayabo y el Teatro Principal, consideradas las tres joyas de la arquitectura de esta ciudad patrimonial, fundada en junio de 1514 por el Adelantado Diego Vel\u00e1zquez de Cuellar.<\/p>\n","protected":false},"excerpt":{"rendered":"<p>El periodista y fot\u00f3grafo Ra\u00fal Garc\u00eda recibi\u00f3 el sello conmemorativo aniversario 60 de la organizaci\u00f3n, el cual reconoce a personalidades con destacada trayectoria.<\/p>\n","protected":false},"author":22,"featured_media":8426,"comment_status":"open","ping_status":"open","sticky":false,"template":"","format":"standard","meta":{"_acf_changed":false,"footnotes":""},"categories":[6,8],"tags":[281,694,425],"coauthors":[],"class_list":["post-8425","post","type-post","status-publish","format-standard","has-post-thumbnail","hentry","category-cultura","category-noticia","tag-artes-plasticas","tag-garal","tag-uneac"],"acf":[],"_links":{"self":[{"href":"https:\/\/www.radiosanctispiritus.cu\/es\/wp-json\/wp\/v2\/posts\/8425","targetHints":{"allow":["GET"]}}],"collection":[{"href":"https:\/\/www.radiosanctispiritus.cu\/es\/wp-json\/wp\/v2\/posts"}],"about":[{"href":"https:\/\/www.radiosanctispiritus.cu\/es\/wp-json\/wp\/v2\/types\/post"}],"author":[{"embeddable":true,"href":"https:\/\/www.radiosanctispiritus.cu\/es\/wp-json\/wp\/v2\/users\/22"}],"replies":[{"embeddable":true,"href":"https:\/\/www.radiosanctispiritus.cu\/es\/wp-json\/wp\/v2\/comments?post=8425"}],"version-history":[{"count":0,"href":"https:\/\/www.radiosanctispiritus.cu\/es\/wp-json\/wp\/v2\/posts\/8425\/revisions"}],"wp:featuredmedia":[{"embeddable":true,"href":"https:\/\/www.radiosanctispiritus.cu\/es\/wp-json\/wp\/v2\/media\/8426"}],"wp:attachment":[{"href":"https:\/\/www.radiosanctispiritus.cu\/es\/wp-json\/wp\/v2\/media?parent=8425"}],"wp:term":[{"taxonomy":"category","embeddable":true,"href":"https:\/\/www.radiosanctispiritus.cu\/es\/wp-json\/wp\/v2\/categories?post=8425"},{"taxonomy":"post_tag","embeddable":true,"href":"https:\/\/www.radiosanctispiritus.cu\/es\/wp-json\/wp\/v2\/tags?post=8425"},{"taxonomy":"author","embeddable":true,"href":"https:\/\/www.radiosanctispiritus.cu\/es\/wp-json\/wp\/v2\/coauthors?post=8425"}],"curies":[{"name":"wp","href":"https:\/\/api.w.org\/{rel}","templated":true}]}}