{"id":8380,"date":"2023-02-23T21:37:27","date_gmt":"2023-02-24T02:37:27","guid":{"rendered":"https:\/\/www.radiosanctispiritus.cu\/es\/?p=8380"},"modified":"2023-02-23T21:37:58","modified_gmt":"2023-02-24T02:37:58","slug":"cuba-desarrolla-la-industria-del-software-en-medio-de-desafios","status":"publish","type":"post","link":"https:\/\/www.radiosanctispiritus.cu\/es\/cuba-desarrolla-la-industria-del-software-en-medio-de-desafios\/","title":{"rendered":"Cuba desarrolla la industria del software en medio de desaf\u00edos"},"content":{"rendered":"<p>En medio de un fen\u00f3meno internacional como el robo de talentos profesionales, Cuba batalla por el desarrollo de la industria del software, de las aplicaciones inform\u00e1ticas, campo con potenciales capacidades para generar ingresos por exportaciones y sustituci\u00f3n de importaciones.<\/p>\n<p>Expertos de diversos organismos coincidieron en esas y otras valoraciones durante la reuni\u00f3n del Consejo interinstitucional del macro programa conocido por Transformaci\u00f3n productiva e inserci\u00f3n internacional, que como parte del Plan Nacional de Desarrollo hasta el 2030 apunta a la reconversi\u00f3n de esa industria camino a la digitalizaci\u00f3n del pa\u00eds, a invertir en tecnolog\u00edas.<\/p>\n<p>En presencia de Alejandro Gil Fern\u00e1ndez, vice primer ministro;\u00a0 la viceministra de Comunicaciones\u00a0Grisel Reyes Le\u00f3n\u00a0inform\u00f3 que la industria del software, o del conocimiento, se caracteriza por la alta calificaci\u00f3n de sus recursos humanos, la tendencia a ser exportable, competitiva y por la generaci\u00f3n de empleos de alta calidad y de valores.<\/p>\n<p>Precis\u00f3 que hacia ella tributan 30 entidades estatales, incluidos dos parques tecnol\u00f3gicos, 161 Mipymes y 800 trabajadores por cuenta propia, y en materia de formaci\u00f3n 16 universidades; sin embargo, en muchos lugares hay problemas con la fluctuaci\u00f3n de su personal, y Cuba no escapa tampoco al robo de talentos por monopolios de la inform\u00e1tica y naciones del primer mundo.<\/p>\n<p>Record\u00f3 que como parte del marco legal desde el 2020 entr\u00f3 en vigor el Decreto 359 sobre el desarrollo de la industria cubana de programas y aplicaciones inform\u00e1ticas, que junto a otras regulaciones han coadyuvado a las exportaciones, pero en su opini\u00f3n todav\u00eda se est\u00e1 distante de una mayor cultura de la calidad, y de preparaci\u00f3n, que permita penetrar diversos mercados.<\/p>\n<p>Tanto Reyes Le\u00f3n como otros expertos se refirieron a la necesidad de junto con el Ministerio de Comercio Exterior y la Inversi\u00f3n Extranjera buscar aliados para exportar y no tanto para importar, adem\u00e1s de procurar que los procesos de contrataci\u00f3n y de consulta (de clientes for\u00e1neos) no sean dilatados ni burocr\u00e1ticos.<\/p>\n<p>Gil Fern\u00e1ndez, tambi\u00e9n titular del MEP, pidi\u00f3 a los organismos representados en el Consejo interinstitucional del macro programa Transformaci\u00f3n productiva e inserci\u00f3n internacional a proponer un modelo de gesti\u00f3n dirigido a contar con una industria de software atractiva para los j\u00f3venes, a tono con los tiempos o desaf\u00edos de hoy, con los cambios internos como externos.<\/p>\n<p>Se\u00f1al\u00f3 que el tema ha sido tratado por la direcci\u00f3n del pa\u00eds en distintos momentos o escenarios, incluido el Consejo Nacional de Innovaci\u00f3n.<\/p>\n<p>En correspondencia con ello orient\u00f3 agilizar los esfuerzos en com\u00fan en aras de contar con ese modelo nuevo, revolucionario, socialista, inclusivo, adaptado a nuestro proyecto econ\u00f3mico y social, que dinamice la obtenci\u00f3n de ingresos por exportaciones y permita tener una industria de software camino a la recuperaci\u00f3n y crecimiento.<\/p>\n<p>El\u00a0 vice primer ministro destac\u00f3 como un rasgo distintivo de esta rama la convergencia tanto de entidades estatales como privadas, al recordar que hasta ahora la inform\u00e1tica es el \u00fanico sector en el que sus profesionales pueden asociarse a una mipyme o al trabajo por cuenta propia, pero exhort\u00f3 fomentar la integraci\u00f3n o encadenamiento entre todos, para bien del pa\u00eds.<\/p>\n","protected":false},"excerpt":{"rendered":"<p>Hacia ella tributan 30 entidades estatales, 161 Mipymes y 800 trabajadores por cuenta propia, y en materia de formaci\u00f3n 16 universidades; sin embargo, en muchos lugares hay problemas con la fluctuaci\u00f3n de su personal, y Cuba no escapa tampoco al robo de talentos.<\/p>\n","protected":false},"author":123,"featured_media":8381,"comment_status":"open","ping_status":"open","sticky":false,"template":"","format":"standard","meta":{"_acf_changed":false,"footnotes":""},"categories":[3,8],"tags":[395,676,692],"coauthors":[],"class_list":["post-8380","post","type-post","status-publish","format-standard","has-post-thumbnail","hentry","category-cuba","category-noticia","tag-comunicaciones","tag-informatizacion","tag-software"],"acf":[],"_links":{"self":[{"href":"https:\/\/www.radiosanctispiritus.cu\/es\/wp-json\/wp\/v2\/posts\/8380","targetHints":{"allow":["GET"]}}],"collection":[{"href":"https:\/\/www.radiosanctispiritus.cu\/es\/wp-json\/wp\/v2\/posts"}],"about":[{"href":"https:\/\/www.radiosanctispiritus.cu\/es\/wp-json\/wp\/v2\/types\/post"}],"author":[{"embeddable":true,"href":"https:\/\/www.radiosanctispiritus.cu\/es\/wp-json\/wp\/v2\/users\/123"}],"replies":[{"embeddable":true,"href":"https:\/\/www.radiosanctispiritus.cu\/es\/wp-json\/wp\/v2\/comments?post=8380"}],"version-history":[{"count":0,"href":"https:\/\/www.radiosanctispiritus.cu\/es\/wp-json\/wp\/v2\/posts\/8380\/revisions"}],"wp:featuredmedia":[{"embeddable":true,"href":"https:\/\/www.radiosanctispiritus.cu\/es\/wp-json\/wp\/v2\/media\/8381"}],"wp:attachment":[{"href":"https:\/\/www.radiosanctispiritus.cu\/es\/wp-json\/wp\/v2\/media?parent=8380"}],"wp:term":[{"taxonomy":"category","embeddable":true,"href":"https:\/\/www.radiosanctispiritus.cu\/es\/wp-json\/wp\/v2\/categories?post=8380"},{"taxonomy":"post_tag","embeddable":true,"href":"https:\/\/www.radiosanctispiritus.cu\/es\/wp-json\/wp\/v2\/tags?post=8380"},{"taxonomy":"author","embeddable":true,"href":"https:\/\/www.radiosanctispiritus.cu\/es\/wp-json\/wp\/v2\/coauthors?post=8380"}],"curies":[{"name":"wp","href":"https:\/\/api.w.org\/{rel}","templated":true}]}}