{"id":8271,"date":"2023-02-21T19:14:42","date_gmt":"2023-02-22T00:14:42","guid":{"rendered":"https:\/\/www.radiosanctispiritus.cu\/es\/?p=8271"},"modified":"2023-02-21T19:14:42","modified_gmt":"2023-02-22T00:14:42","slug":"trinitario-valle-de-los-ingenios-vuelve-a-convocar-a-los-arqueologos","status":"publish","type":"post","link":"https:\/\/www.radiosanctispiritus.cu\/es\/trinitario-valle-de-los-ingenios-vuelve-a-convocar-a-los-arqueologos\/","title":{"rendered":"Trinitario Valle de los Ingenios vuelve a convocar a los arque\u00f3logos"},"content":{"rendered":"<p>El XX Taller Nacional de Arqueolog\u00eda Industrial Valle de los Ingenios sesionar\u00e1 del 5 al 18 de marzo pr\u00f3ximo en Trinidad, Cuba, anunci\u00f3 este martes la Oficina del Conservador en esa urbe.<\/p>\n<p>La Unesco declar\u00f3 en 1988 Patrimonio Cultural de la Humanidad al centro hist\u00f3rico urbano de Trinidad, tercera villa fundada en Cuba por los espa\u00f1oles, junto al Valle de los Ingenios, sitio catalogado por los expertos como un museo a cielo abierto.<\/p>\n<p>San Isidro de los Destiladeros es un exponente del desarrollo de la industria azucarera que protagoniz\u00f3 el auge econ\u00f3mico desde la segunda mitad del siglo XVIII, destaca este martes la p\u00e1gina web de la Oficina del Conservador de la Ciudad de Trinidad y el Valle de los Ingenios.<\/p>\n<p>Hasta la actualidad llegaron juntos su casa-hacienda y la torre campanario, barracones de esclavos, aljibes, destiler\u00eda, sistema de represa y canales hidr\u00e1ulicos, \u201cque hacen de \u00e9l un \u00e1rea priorizada para el estudio arqueol\u00f3gico de la industria azucarera colonial\u201d.<\/p>\n<p>Desde 2000 la citada oficina y el Museo de Arqueolog\u00eda de la Ciudad iniciaron estos talleres, con vistas a investigar en las ruinas de la antigua instalaci\u00f3n fabril, con la presencia de varias instituciones de todo el pa\u00eds.<\/p>\n<p>En la mencionada p\u00e1gina se convoca a arque\u00f3logos, arquitectos, ingenieros y otros especialistas interesados en el tema, residentes en Cuba o el exterior, a participar en este evento.<\/p>\n<p>La consulta del libro Monumentos Nacionales y Locales de Sancti Sp\u00edritus, de un colectivo de autores, aporta la imagen de un Valle de los Ingenios con un saldo de 73 sitios arqueol\u00f3gicos industriales con restos constructivos de la arquitectura vern\u00e1cula.<\/p>\n<p>A diferencia de la emblem\u00e1tica torre Manaca Iznaga, con unos 43,5 metros de altura, la singular torre-campanario de San Isidro de los Destiladeros alcanza 14 metros.<\/p>\n","protected":false},"excerpt":{"rendered":"<p>El XX Taller Nacional de Arqueolog\u00eda Industrial Valle de los Ingenios sesionar\u00e1 del 5 al 18 de marzo pr\u00f3ximo en Trinidad, Cuba.<\/p>\n","protected":false},"author":22,"featured_media":8272,"comment_status":"open","ping_status":"open","sticky":false,"template":"","format":"standard","meta":{"_acf_changed":false,"footnotes":""},"categories":[8,1],"tags":[54,495],"coauthors":[],"class_list":["post-8271","post","type-post","status-publish","format-standard","has-post-thumbnail","hentry","category-noticia","category-sancti-spiritus","tag-trinidad-de-cuba","tag-valle-de-los-ingenios"],"acf":[],"_links":{"self":[{"href":"https:\/\/www.radiosanctispiritus.cu\/es\/wp-json\/wp\/v2\/posts\/8271","targetHints":{"allow":["GET"]}}],"collection":[{"href":"https:\/\/www.radiosanctispiritus.cu\/es\/wp-json\/wp\/v2\/posts"}],"about":[{"href":"https:\/\/www.radiosanctispiritus.cu\/es\/wp-json\/wp\/v2\/types\/post"}],"author":[{"embeddable":true,"href":"https:\/\/www.radiosanctispiritus.cu\/es\/wp-json\/wp\/v2\/users\/22"}],"replies":[{"embeddable":true,"href":"https:\/\/www.radiosanctispiritus.cu\/es\/wp-json\/wp\/v2\/comments?post=8271"}],"version-history":[{"count":0,"href":"https:\/\/www.radiosanctispiritus.cu\/es\/wp-json\/wp\/v2\/posts\/8271\/revisions"}],"wp:featuredmedia":[{"embeddable":true,"href":"https:\/\/www.radiosanctispiritus.cu\/es\/wp-json\/wp\/v2\/media\/8272"}],"wp:attachment":[{"href":"https:\/\/www.radiosanctispiritus.cu\/es\/wp-json\/wp\/v2\/media?parent=8271"}],"wp:term":[{"taxonomy":"category","embeddable":true,"href":"https:\/\/www.radiosanctispiritus.cu\/es\/wp-json\/wp\/v2\/categories?post=8271"},{"taxonomy":"post_tag","embeddable":true,"href":"https:\/\/www.radiosanctispiritus.cu\/es\/wp-json\/wp\/v2\/tags?post=8271"},{"taxonomy":"author","embeddable":true,"href":"https:\/\/www.radiosanctispiritus.cu\/es\/wp-json\/wp\/v2\/coauthors?post=8271"}],"curies":[{"name":"wp","href":"https:\/\/api.w.org\/{rel}","templated":true}]}}