{"id":8144,"date":"2023-02-19T06:40:15","date_gmt":"2023-02-19T11:40:15","guid":{"rendered":"https:\/\/www.radiosanctispiritus.cu\/es\/?p=8144"},"modified":"2023-02-19T06:40:15","modified_gmt":"2023-02-19T11:40:15","slug":"este-domingo-en-sancti-spiritus-dia-territorial-de-la-defensa","status":"publish","type":"post","link":"https:\/\/www.radiosanctispiritus.cu\/es\/este-domingo-en-sancti-spiritus-dia-territorial-de-la-defensa\/","title":{"rendered":"Este domingo en Sancti Sp\u00edritus D\u00eda Territorial de la Defensa"},"content":{"rendered":"<p>Este domingo 19 de febrero tendr\u00e1 lugar en el municipio de Sancti Sp\u00edritus el D\u00eda Territorial de la Defensa donde se pondr\u00e1 nuevamente en alto la concepci\u00f3n estrat\u00e9gica para la defensa nacional de Guerra de todo el pueblo<\/p>\n<audio class=\"wp-audio-shortcode\" id=\"audio-8144-1\" preload=\"none\" style=\"width: 100%;\" controls=\"controls\"><source type=\"audio\/mpeg\" src=\"https:\/\/www.ivoox.com\/yoanna-upm-18-2-23_md_103296647_wp_1.mp3?_=1\" \/><a href=\"https:\/\/www.ivoox.com\/yoanna-upm-18-2-23_md_103296647_wp_1.mp3\" target=\"_blank\" rel=\"noopener\">https:\/\/www.ivoox.com\/yoanna-upm-18-2-23_md_103296647_wp_1.mp3<\/a><\/audio>\n<p>&nbsp;<\/p>\n","protected":false},"excerpt":{"rendered":"<p>Este domingo tendr\u00e1 lugar en el municipio de Sancti Sp\u00edritus el D\u00eda Territorial de la Defensa donde se pondr\u00e1 nuevamente en alto la concepci\u00f3n de Guerra de todo el pueblo<\/p>\n","protected":false},"author":119,"featured_media":8163,"comment_status":"open","ping_status":"open","sticky":false,"template":"","format":"standard","meta":{"_acf_changed":false,"footnotes":""},"categories":[9,1],"tags":[],"coauthors":[],"class_list":["post-8144","post","type-post","status-publish","format-standard","has-post-thumbnail","hentry","category-en-audio","category-sancti-spiritus"],"acf":[],"_links":{"self":[{"href":"https:\/\/www.radiosanctispiritus.cu\/es\/wp-json\/wp\/v2\/posts\/8144","targetHints":{"allow":["GET"]}}],"collection":[{"href":"https:\/\/www.radiosanctispiritus.cu\/es\/wp-json\/wp\/v2\/posts"}],"about":[{"href":"https:\/\/www.radiosanctispiritus.cu\/es\/wp-json\/wp\/v2\/types\/post"}],"author":[{"embeddable":true,"href":"https:\/\/www.radiosanctispiritus.cu\/es\/wp-json\/wp\/v2\/users\/119"}],"replies":[{"embeddable":true,"href":"https:\/\/www.radiosanctispiritus.cu\/es\/wp-json\/wp\/v2\/comments?post=8144"}],"version-history":[{"count":0,"href":"https:\/\/www.radiosanctispiritus.cu\/es\/wp-json\/wp\/v2\/posts\/8144\/revisions"}],"wp:featuredmedia":[{"embeddable":true,"href":"https:\/\/www.radiosanctispiritus.cu\/es\/wp-json\/wp\/v2\/media\/8163"}],"wp:attachment":[{"href":"https:\/\/www.radiosanctispiritus.cu\/es\/wp-json\/wp\/v2\/media?parent=8144"}],"wp:term":[{"taxonomy":"category","embeddable":true,"href":"https:\/\/www.radiosanctispiritus.cu\/es\/wp-json\/wp\/v2\/categories?post=8144"},{"taxonomy":"post_tag","embeddable":true,"href":"https:\/\/www.radiosanctispiritus.cu\/es\/wp-json\/wp\/v2\/tags?post=8144"},{"taxonomy":"author","embeddable":true,"href":"https:\/\/www.radiosanctispiritus.cu\/es\/wp-json\/wp\/v2\/coauthors?post=8144"}],"curies":[{"name":"wp","href":"https:\/\/api.w.org\/{rel}","templated":true}]}}