{"id":8134,"date":"2023-02-17T22:40:22","date_gmt":"2023-02-18T03:40:22","guid":{"rendered":"https:\/\/www.radiosanctispiritus.cu\/es\/?p=8134"},"modified":"2023-02-17T22:43:25","modified_gmt":"2023-02-18T03:43:25","slug":"evaluan-en-sancti-spiritus-desempeno-del-sindicato-de-la-educacion-la-ciencia-y-el-deporte","status":"publish","type":"post","link":"https:\/\/www.radiosanctispiritus.cu\/es\/evaluan-en-sancti-spiritus-desempeno-del-sindicato-de-la-educacion-la-ciencia-y-el-deporte\/","title":{"rendered":"Eval\u00faan en Sancti Sp\u00edritus desempe\u00f1o del Sindicato de Educaci\u00f3n, Ciencia y Deporte"},"content":{"rendered":"<p>Durante el an\u00e1lisis del trabajo del gremio en el territorio, se hizo \u00e9nfasis en la necesidad de buscar alternativas para que, desde las estructuras sindicales, se pueda reconocer, estimular y enaltecer la labor de los afiliados.<\/p>\n<audio class=\"wp-audio-shortcode\" id=\"audio-8134-1\" preload=\"none\" style=\"width: 100%;\" controls=\"controls\"><source type=\"audio\/mpeg\" src=\"https:\/\/www.ivoox.com\/ada-al-dia-17-2-23_md_103279436_wp_1.mp3?_=1\" \/><a href=\"https:\/\/www.ivoox.com\/ada-al-dia-17-2-23_md_103279436_wp_1.mp3\" target=\"_blank\" rel=\"noopener\">https:\/\/www.ivoox.com\/ada-al-dia-17-2-23_md_103279436_wp_1.mp3<\/a><\/audio>\n<p>&nbsp;<\/p>\n","protected":false},"excerpt":{"rendered":"<p>Durante el an\u00e1lisis del trabajo del gremio en el territorio, se hizo \u00e9nfasis en la necesidad de buscar alternativas para que, desde las estructuras sindicales, se pueda reconocer, estimular y enaltecer la labor de los afiliados.<\/p>\n","protected":false},"author":8,"featured_media":8135,"comment_status":"open","ping_status":"open","sticky":false,"template":"","format":"standard","meta":{"_acf_changed":false,"footnotes":""},"categories":[14,9,8],"tags":[408,29,684],"coauthors":[],"class_list":["post-8134","post","type-post","status-publish","format-standard","has-post-thumbnail","hentry","category-educacion","category-en-audio","category-noticia","tag-ctc","tag-educacion","tag-sindicato"],"acf":[],"_links":{"self":[{"href":"https:\/\/www.radiosanctispiritus.cu\/es\/wp-json\/wp\/v2\/posts\/8134","targetHints":{"allow":["GET"]}}],"collection":[{"href":"https:\/\/www.radiosanctispiritus.cu\/es\/wp-json\/wp\/v2\/posts"}],"about":[{"href":"https:\/\/www.radiosanctispiritus.cu\/es\/wp-json\/wp\/v2\/types\/post"}],"author":[{"embeddable":true,"href":"https:\/\/www.radiosanctispiritus.cu\/es\/wp-json\/wp\/v2\/users\/8"}],"replies":[{"embeddable":true,"href":"https:\/\/www.radiosanctispiritus.cu\/es\/wp-json\/wp\/v2\/comments?post=8134"}],"version-history":[{"count":0,"href":"https:\/\/www.radiosanctispiritus.cu\/es\/wp-json\/wp\/v2\/posts\/8134\/revisions"}],"wp:featuredmedia":[{"embeddable":true,"href":"https:\/\/www.radiosanctispiritus.cu\/es\/wp-json\/wp\/v2\/media\/8135"}],"wp:attachment":[{"href":"https:\/\/www.radiosanctispiritus.cu\/es\/wp-json\/wp\/v2\/media?parent=8134"}],"wp:term":[{"taxonomy":"category","embeddable":true,"href":"https:\/\/www.radiosanctispiritus.cu\/es\/wp-json\/wp\/v2\/categories?post=8134"},{"taxonomy":"post_tag","embeddable":true,"href":"https:\/\/www.radiosanctispiritus.cu\/es\/wp-json\/wp\/v2\/tags?post=8134"},{"taxonomy":"author","embeddable":true,"href":"https:\/\/www.radiosanctispiritus.cu\/es\/wp-json\/wp\/v2\/coauthors?post=8134"}],"curies":[{"name":"wp","href":"https:\/\/api.w.org\/{rel}","templated":true}]}}