{"id":8128,"date":"2023-02-17T21:44:15","date_gmt":"2023-02-18T02:44:15","guid":{"rendered":"https:\/\/www.radiosanctispiritus.cu\/es\/?p=8128"},"modified":"2023-02-17T21:44:15","modified_gmt":"2023-02-18T02:44:15","slug":"reconocen-labor-de-los-medicos-cubanos-en-turkiye","status":"publish","type":"post","link":"https:\/\/www.radiosanctispiritus.cu\/es\/reconocen-labor-de-los-medicos-cubanos-en-turkiye\/","title":{"rendered":"Reconocen labor de los m\u00e9dicos cubanos en T\u00fcrkiye"},"content":{"rendered":"<p>Manuel Marrero Cruz, Primer Ministro de Cuba, resalt\u00f3 este viernes la labor de los m\u00e9dicos cubanos de la brigada Henry Reeve en T\u00fcrkiye quienes ayudan en la recuperaci\u00f3n de las v\u00edctimas del terremoto del pasado 6 de febrero.<\/p>\n<p>Esos son nuestros h\u00e9roes de batas blancas, quienes llegan hasta cualquier lugar del mundo a brindar su ayuda, se\u00f1al\u00f3 el premier en Twitter.<\/p>\n<p>Jos\u00e9 \u00c1ngel Portal Miranda, ministro de Salud P\u00fablica, tambi\u00e9n reconoci\u00f3 la obra de los galenos que contin\u00faan mostrando su solidaridad con esa naci\u00f3n.<\/p>\n<p>Son m\u00e1s de 260 pacientes los atendidos y han realizado tanto labores de pesquisaje como procederes quir\u00fargicos y acciones en \u00e1reas de terapia intensiva, declar\u00f3 el titular en la misma red social.<\/p>\n<p>Coment\u00f3 que las im\u00e1genes que se reciben de los colaboradores hablan de sensibilidad y compromiso, de cercan\u00eda y acompa\u00f1amiento.<\/p>\n<p>Los 32 profesionales que se encuentran en el pa\u00eds euroasi\u00e1tico llegaron el pasado 13 de febrero y desde entonces asisten en las \u00e1reas afectadas por el sismo de 7,8 en la escala de Richter, y otras localidades.<\/p>\n<p>El Contingente Internacional de M\u00e9dicos Especializados en Situaciones de Desastre y Graves Epidemias Henry Reeve fue constituido el 19 de septiembre de 2005 por el Comandante en Jefe Fidel Castro Ruz y su misi\u00f3n es brindar ayuda humanitaria-m\u00e9dico-sanitaria a las poblaciones v\u00edctimas de desastres naturales y epidemias en otros pa\u00edses, y ayudar a su recuperaci\u00f3n.<\/p>\n","protected":false},"excerpt":{"rendered":"<p>Manuel Marrero Cruz, Primer Ministro de Cuba, resalt\u00f3 este viernes la labor de los m\u00e9dicos cubanos de la brigada Henry Reeve en T\u00fcrkiye quienes ayudan en la recuperaci\u00f3n de las v\u00edctimas del terremoto del pasado 6 de febrero.<\/p>\n","protected":false},"author":123,"featured_media":8129,"comment_status":"open","ping_status":"open","sticky":false,"template":"","format":"standard","meta":{"_acf_changed":false,"footnotes":""},"categories":[3,8],"tags":[63,258,667],"coauthors":[],"class_list":["post-8128","post","type-post","status-publish","format-standard","has-post-thumbnail","hentry","category-cuba","category-noticia","tag-colaboracion-medica","tag-cuba-turquia","tag-terremoto"],"acf":[],"_links":{"self":[{"href":"https:\/\/www.radiosanctispiritus.cu\/es\/wp-json\/wp\/v2\/posts\/8128","targetHints":{"allow":["GET"]}}],"collection":[{"href":"https:\/\/www.radiosanctispiritus.cu\/es\/wp-json\/wp\/v2\/posts"}],"about":[{"href":"https:\/\/www.radiosanctispiritus.cu\/es\/wp-json\/wp\/v2\/types\/post"}],"author":[{"embeddable":true,"href":"https:\/\/www.radiosanctispiritus.cu\/es\/wp-json\/wp\/v2\/users\/123"}],"replies":[{"embeddable":true,"href":"https:\/\/www.radiosanctispiritus.cu\/es\/wp-json\/wp\/v2\/comments?post=8128"}],"version-history":[{"count":0,"href":"https:\/\/www.radiosanctispiritus.cu\/es\/wp-json\/wp\/v2\/posts\/8128\/revisions"}],"wp:featuredmedia":[{"embeddable":true,"href":"https:\/\/www.radiosanctispiritus.cu\/es\/wp-json\/wp\/v2\/media\/8129"}],"wp:attachment":[{"href":"https:\/\/www.radiosanctispiritus.cu\/es\/wp-json\/wp\/v2\/media?parent=8128"}],"wp:term":[{"taxonomy":"category","embeddable":true,"href":"https:\/\/www.radiosanctispiritus.cu\/es\/wp-json\/wp\/v2\/categories?post=8128"},{"taxonomy":"post_tag","embeddable":true,"href":"https:\/\/www.radiosanctispiritus.cu\/es\/wp-json\/wp\/v2\/tags?post=8128"},{"taxonomy":"author","embeddable":true,"href":"https:\/\/www.radiosanctispiritus.cu\/es\/wp-json\/wp\/v2\/coauthors?post=8128"}],"curies":[{"name":"wp","href":"https:\/\/api.w.org\/{rel}","templated":true}]}}