{"id":810,"date":"2022-08-08T09:10:01","date_gmt":"2022-08-08T13:10:01","guid":{"rendered":"https:\/\/www.radiosanctispiritus.cu\/es\/?p=810"},"modified":"2022-08-08T12:14:35","modified_gmt":"2022-08-08T16:14:35","slug":"colapsa-tercer-tanque-en-la-madrugada-video","status":"publish","type":"post","link":"https:\/\/www.radiosanctispiritus.cu\/es\/colapsa-tercer-tanque-en-la-madrugada-video\/","title":{"rendered":"Colapsa tercer tanque en la madrugada (+Video)"},"content":{"rendered":"<p>Seg\u00fan acaba de confirmar el gobernador de la provincia, Mario Sabines Lorenzo, el tercer tanque tambi\u00e9n colaps\u00f3, luego de que del segundo se vertiera el combustible y comprometiera a\u00fan m\u00e1s la situaci\u00f3n en horas de la madrugada.<\/p>\n<div class=\"video-container\">\n<blockquote class=\"twitter-tweet\" data-width=\"500\" data-dnt=\"true\">\n<p lang=\"es\" dir=\"ltr\"><a href=\"https:\/\/twitter.com\/hashtag\/%C3%9AltimoMinuto?src=hash&amp;ref_src=twsrc%5Etfw\" target=\"_blank\" rel=\"noopener noreferrer nofollow\">#\u00daltimoMinuto<\/a> <\/p>\n<p>El tercer tanque tambi\u00e9n colaps\u00f3, luego de que del segundo se vertiera el combustible y comprometiera a\u00fan m\u00e1s la situaci\u00f3n en horas de la madrugada.<\/p>\n<p>Gobernador <a href=\"https:\/\/twitter.com\/mariofsabines?ref_src=twsrc%5Etfw\" target=\"_blank\" rel=\"noopener noreferrer nofollow\">@mariofsabines<\/a>: &quot;efectivamente ocurri\u00f3 el riesgo que hab\u00edamos anunciado&quot;.<a href=\"https:\/\/twitter.com\/hashtag\/FuerzaMatanzas?src=hash&amp;ref_src=twsrc%5Etfw\" target=\"_blank\" rel=\"noopener noreferrer nofollow\">#FuerzaMatanzas<\/a> <a href=\"https:\/\/t.co\/PYqdBkKP6p\" target=\"_blank\" rel=\"noopener noreferrer nofollow\">pic.twitter.com\/PYqdBkKP6p<\/a><\/p>\n<p>&mdash; Presidencia Cuba \ud83c\udde8\ud83c\uddfa (@PresidenciaCuba) <a href=\"https:\/\/twitter.com\/PresidenciaCuba\/status\/1556635252734427137?ref_src=twsrc%5Etfw\" target=\"_blank\" rel=\"noopener noreferrer nofollow\">August 8, 2022<\/a><\/p><\/blockquote>\n<p><script async src=\"https:\/\/platform.twitter.com\/widgets.js\" charset=\"utf-8\"><\/script><\/div>\n<p>\u201cEl riesgo que hab\u00edamos anunciado ocurri\u00f3\u201d, dijo este lunes al equipo de comunicaci\u00f3n de la Presidencia de Cuba, al filo de las nueve de la ma\u00f1ana, el Gobernador de Matanzas, Mario Sabines Lorenzo, para seguidamente afirmar que el incendio del segundo tanque, en la zona industrial del territorio, ha comprometido al tercero que ahora arde.<\/p>\n<p>El vicepresidente del Consejo de Defensa Provincial homolog\u00f3 las llamas de ese tercer tanque con un gigantesco pebetero ol\u00edmpico; alert\u00f3 que hay mucho humo; y detall\u00f3 que el contenido del tanque n\u00famero dos, al esparcirse, increment\u00f3 las \u00e1reas del incendio.<\/p>\n<p>\u201cEsa es la situaci\u00f3n -valor\u00f3 el Gobernador-; es muy compleja con tres tanques encendidos\u201d.<\/p>\n<p>Sabines expres\u00f3 que, a pesar de la adversidad, \u201cno todo ha sido malo\u201d, porque se han ido dando importantes pasos de avance como el montaje de la bomba hidra\u00falica, de grandes dimensiones, \u201cque es la que necesitamos para que pueda llegar con presi\u00f3n, arriba,\u201d y tambi\u00e9n desde abajo, el l\u00edquido necesario para sofocar el siniestro.<\/p>\n<p>Al mismo tiempo, como tambi\u00e9n explic\u00f3 el Gobernador, se han estado posicionando los equipos desde los cuales lanzar espuma contra el fuego. Es una maniobra que por su complejidad podr\u00eda demorar, pues, como reflexion\u00f3 Mario Sabines, los especialistas no han descartado el dif\u00edcil acceso al \u00e1rea de peligro por la densidad del humo y por la falta de ox\u00edgeno que obliga a buscar los equipamientos adecuados.<\/p>\n<p>Sabines reconoci\u00f3 el tremendo esfuerzo desplegado por los bomberos en horas de la madrugada; y coment\u00f3 c\u00f3mo los helic\u00f3pteros est\u00e1n vertiendo agua sobre los tanques, con el fin \u201cde proteger el resto de las instalaciones y objetivos que hay en el lugar\u201d.<\/p>\n<p>\u201cLos bomberos, enfatiz\u00f3, contin\u00faan avanzando, abriendo camino para que la brigada que tiene que lanzar la espuma pueda avanzar\u201d. Y enunci\u00f3 que el territorio cuenta con unos cuarenta camiones, portadores de material seco, para seguir enfrentando el siniestro.<\/p>\n<p>El Gobernador de Matanzas hizo referencia a los trabajadores que se rotan por turnos, y a los especialistas de M\u00e9xico, de Venezuela, y de Cuba, quienes concilian permanentemente las ideas en este momentos de peligros y de combate.<\/p>\n","protected":false},"excerpt":{"rendered":"<p>El tercer tanque tambi\u00e9n colaps\u00f3, luego de que del segundo se vertiera el combustible y comprometiera a\u00fan m\u00e1s la situaci\u00f3n en horas de la madrugada.<\/p>\n","protected":false},"author":127,"featured_media":813,"comment_status":"open","ping_status":"open","sticky":false,"template":"","format":"standard","meta":{"_acf_changed":false,"footnotes":""},"categories":[3,8],"tags":[148,134,135],"coauthors":[],"class_list":["post-810","post","type-post","status-publish","format-standard","has-post-thumbnail","hentry","category-cuba","category-noticia","tag-explosion","tag-incendio","tag-matanzas"],"acf":[],"_links":{"self":[{"href":"https:\/\/www.radiosanctispiritus.cu\/es\/wp-json\/wp\/v2\/posts\/810","targetHints":{"allow":["GET"]}}],"collection":[{"href":"https:\/\/www.radiosanctispiritus.cu\/es\/wp-json\/wp\/v2\/posts"}],"about":[{"href":"https:\/\/www.radiosanctispiritus.cu\/es\/wp-json\/wp\/v2\/types\/post"}],"author":[{"embeddable":true,"href":"https:\/\/www.radiosanctispiritus.cu\/es\/wp-json\/wp\/v2\/users\/127"}],"replies":[{"embeddable":true,"href":"https:\/\/www.radiosanctispiritus.cu\/es\/wp-json\/wp\/v2\/comments?post=810"}],"version-history":[{"count":0,"href":"https:\/\/www.radiosanctispiritus.cu\/es\/wp-json\/wp\/v2\/posts\/810\/revisions"}],"wp:featuredmedia":[{"embeddable":true,"href":"https:\/\/www.radiosanctispiritus.cu\/es\/wp-json\/wp\/v2\/media\/813"}],"wp:attachment":[{"href":"https:\/\/www.radiosanctispiritus.cu\/es\/wp-json\/wp\/v2\/media?parent=810"}],"wp:term":[{"taxonomy":"category","embeddable":true,"href":"https:\/\/www.radiosanctispiritus.cu\/es\/wp-json\/wp\/v2\/categories?post=810"},{"taxonomy":"post_tag","embeddable":true,"href":"https:\/\/www.radiosanctispiritus.cu\/es\/wp-json\/wp\/v2\/tags?post=810"},{"taxonomy":"author","embeddable":true,"href":"https:\/\/www.radiosanctispiritus.cu\/es\/wp-json\/wp\/v2\/coauthors?post=810"}],"curies":[{"name":"wp","href":"https:\/\/api.w.org\/{rel}","templated":true}]}}