{"id":8004,"date":"2023-02-14T22:45:58","date_gmt":"2023-02-15T03:45:58","guid":{"rendered":"https:\/\/www.radiosanctispiritus.cu\/es\/?p=8004"},"modified":"2023-02-14T22:45:58","modified_gmt":"2023-02-15T03:45:58","slug":"firma-diaz-canel-en-embajada-siria-libro-de-condolencias","status":"publish","type":"post","link":"https:\/\/www.radiosanctispiritus.cu\/es\/firma-diaz-canel-en-embajada-siria-libro-de-condolencias\/","title":{"rendered":"Firma D\u00edaz-Canel en Embajada siria libro de condolencias"},"content":{"rendered":"<p>Miguel D\u00edaz-Canel, Primer Secretario del Comit\u00e9 Central del Partido Comunista de Cuba y Presidente de la Rep\u00fablica, firm\u00f3 este martes en la Embajada de Siria el libro de condolencias por las v\u00edctimas del devastador terremoto que la pasada semana sacudi\u00f3 a la naci\u00f3n \u00e1rabe.<\/p>\n<p>A trav\u00e9s de Twitter, el mandatario inform\u00f3 que ratific\u00f3 al embajador de Siria, Ghassam Obeid, la amistad y el amor de Cuba, as\u00ed como la disposici\u00f3n de ayudar en todo lo posible.<\/p>\n<p>\u201cEn nombre del pueblo y gobierno cubanos expreso nuestras m\u00e1s sentidas condolencias al pueblo y gobierno de la hermana naci\u00f3n de Siria. La hacemos extensiva a los familiares y allegados de las v\u00edctimas del intenso sismo\u201d, escribi\u00f3 en el libro D\u00edaz-Canel, seg\u00fan refiere un tuit de la Presidencia.<\/p>\n<p>Obeid agradeci\u00f3 al jefe de Estado cubano, y expres\u00f3 que su presencia es un gesto de solidaridad y hermandad que su pa\u00eds aprecia mucho.<\/p>\n<p>\u201cToda Siria, representada en esta Embajada, agradece a Cuba por estar a nuestro lado en este periodo dif\u00edcil\u201d, dijo el jefe de la Misi\u00f3n de Damasco en La Habana.<\/p>\n<p>En la madrugada del pasado 6 de febrero ocurri\u00f3 un sismo de magnitud 7,8 en la escala de Richter, en localidades de Siria y T\u00fcrkiye, y m\u00e1s tarde ocurrieron fuertes r\u00e9plicas.<\/p>\n<p>De acuerdo con la agencia Prensa Latina, como consecuencia del terremoto al menos cinco mil sirios perdieron la vida y otros siete mil resultaron lesionados.<\/p>\n","protected":false},"excerpt":{"rendered":"<p>El mandatario inform\u00f3 que ratific\u00f3 al embajador de Siria, Ghassam Obeid, la amistad y el amor de Cuba, as\u00ed como la disposici\u00f3n de ayudar en todo lo posible.<\/p>\n","protected":false},"author":123,"featured_media":8005,"comment_status":"open","ping_status":"open","sticky":false,"template":"","format":"standard","meta":{"_acf_changed":false,"footnotes":""},"categories":[3,8],"tags":[678,28,667],"coauthors":[],"class_list":["post-8004","post","type-post","status-publish","format-standard","has-post-thumbnail","hentry","category-cuba","category-noticia","tag-cuba-siria","tag-miguel-diaz-canel","tag-terremoto"],"acf":[],"_links":{"self":[{"href":"https:\/\/www.radiosanctispiritus.cu\/es\/wp-json\/wp\/v2\/posts\/8004","targetHints":{"allow":["GET"]}}],"collection":[{"href":"https:\/\/www.radiosanctispiritus.cu\/es\/wp-json\/wp\/v2\/posts"}],"about":[{"href":"https:\/\/www.radiosanctispiritus.cu\/es\/wp-json\/wp\/v2\/types\/post"}],"author":[{"embeddable":true,"href":"https:\/\/www.radiosanctispiritus.cu\/es\/wp-json\/wp\/v2\/users\/123"}],"replies":[{"embeddable":true,"href":"https:\/\/www.radiosanctispiritus.cu\/es\/wp-json\/wp\/v2\/comments?post=8004"}],"version-history":[{"count":0,"href":"https:\/\/www.radiosanctispiritus.cu\/es\/wp-json\/wp\/v2\/posts\/8004\/revisions"}],"wp:featuredmedia":[{"embeddable":true,"href":"https:\/\/www.radiosanctispiritus.cu\/es\/wp-json\/wp\/v2\/media\/8005"}],"wp:attachment":[{"href":"https:\/\/www.radiosanctispiritus.cu\/es\/wp-json\/wp\/v2\/media?parent=8004"}],"wp:term":[{"taxonomy":"category","embeddable":true,"href":"https:\/\/www.radiosanctispiritus.cu\/es\/wp-json\/wp\/v2\/categories?post=8004"},{"taxonomy":"post_tag","embeddable":true,"href":"https:\/\/www.radiosanctispiritus.cu\/es\/wp-json\/wp\/v2\/tags?post=8004"},{"taxonomy":"author","embeddable":true,"href":"https:\/\/www.radiosanctispiritus.cu\/es\/wp-json\/wp\/v2\/coauthors?post=8004"}],"curies":[{"name":"wp","href":"https:\/\/api.w.org\/{rel}","templated":true}]}}