{"id":79475,"date":"2026-09-06T05:51:25","date_gmt":"2026-09-06T09:51:25","guid":{"rendered":"https:\/\/www.radiosanctispiritus.cu\/es\/?p=79475"},"modified":"2026-09-06T05:51:25","modified_gmt":"2026-09-06T09:51:25","slug":"raul-castro-y-diaz-canel-encabezan-acto-por-65-anos-de-la-direccion-de-seguridad-personal","status":"publish","type":"post","link":"https:\/\/www.radiosanctispiritus.cu\/es\/raul-castro-y-diaz-canel-encabezan-acto-por-65-anos-de-la-direccion-de-seguridad-personal\/","title":{"rendered":"Ra\u00fal Castro y D\u00edaz-Canel encabezan acto por 65 a\u00f1os de la Direcci\u00f3n de Seguridad Personal"},"content":{"rendered":"<p>El l\u00edder de la Revoluci\u00f3n cubana, Ra\u00fal Castro Ruz y el presidente de la Rep\u00fablica de Cuba, Miguel D\u00edaz-Canel Berm\u00fadez, participaron en un acto por el aniversario 65 de la Direcci\u00f3n de Seguridad Personal.<\/p>\n<p>A la conmemoraci\u00f3n asistieron otros dirigentes del Partido, el Estado y el Gobierno cubanos, junto a fundadores de ese cuerpo de seguridad.<\/p>\n<p class=\"ds-markdown-paragraph\"><span class=\"\">El General de Ej\u00e9rcito envi\u00f3 un mensaje a sus integrantes en el que reconoci\u00f3 su labor en la protecci\u00f3n de los l\u00edderes de la Revoluci\u00f3n y rindi\u00f3 homenaje a los\u00a032 ca\u00eddos en Venezuela.<\/span><\/p>\n<p class=\"ds-markdown-paragraph\"><span class=\"\">El General de Ej\u00e9rcito Ra\u00fal Castro Ruz envi\u00f3 una carta de felicitaci\u00f3n a los miembros de la Direcci\u00f3n de Seguridad Personal, con motivo del 65 aniversario de la fundaci\u00f3n de ese \u00f3rgano, creado el 6 de septiembre de 1961. El mensaje fue le\u00eddo durante el acto conmemorativo por el ministro del Interior, General de Cuerpo de Ej\u00e9rcito L\u00e1zaro Alberto \u00c1lvarez Casas.<\/span><\/p>\n<p class=\"ds-markdown-paragraph\">\u201cEn el 65 aniversario de la fundaci\u00f3n de la Direcci\u00f3n de Seguridad Personal, y en el centenario del Comandante en Jefe Fidel Castro Ruz, reciban mi felicitaci\u00f3n y el m\u00e1s sincero agradecimiento por el trabajo desde el inicio de la Revoluci\u00f3n e incluso antes, cuando apenas se gestaba la lucha en las monta\u00f1as de la Sierra Maestra\u201d, comienza el mensaje firmado por Ra\u00fal.<\/p>\n<p><img decoding=\"async\" class=\"size-medium wp-image-79477 aligncenter\" src=\"https:\/\/www.radiosanctispiritus.cu\/es\/wp-content\/uploads\/raul-castro-acto-seguridad-nacional-2-1536x1152-1-600x450.jpg\" alt=\"\" width=\"600\" height=\"450\" srcset=\"https:\/\/www.radiosanctispiritus.cu\/es\/wp-content\/uploads\/raul-castro-acto-seguridad-nacional-2-1536x1152-1-600x450.jpg 600w, https:\/\/www.radiosanctispiritus.cu\/es\/wp-content\/uploads\/raul-castro-acto-seguridad-nacional-2-1536x1152-1-1024x768.jpg 1024w, https:\/\/www.radiosanctispiritus.cu\/es\/wp-content\/uploads\/raul-castro-acto-seguridad-nacional-2-1536x1152-1-768x576.jpg 768w, https:\/\/www.radiosanctispiritus.cu\/es\/wp-content\/uploads\/raul-castro-acto-seguridad-nacional-2-1536x1152-1.jpg 1536w\" sizes=\"(max-width: 600px) 100vw, 600px\" \/><\/p>\n<p class=\"ds-markdown-paragraph\">Tras honrar a fundadores y m\u00e1rtires de ese cuerpo \u201cque protagonizaron innumerables haza\u00f1as\u00bb, y reconocer a \u00abcada uno de los que hoy se desempe\u00f1an en ese importante frente de defensa de la naci\u00f3n\u00bb, Ra\u00fal record\u00f3 que han contribuido \u00abdecisivamente a evitar acciones enemigas contra nuestro l\u00edder hist\u00f3rico, el Comandante en Jefe Fidel Castro\u201d.<\/p>\n<p class=\"ds-markdown-paragraph\">Ra\u00fal, que reiter\u00f3 el concepto de la Seguridad Personal como \u201cfamilia leal\u201d, rindi\u00f3 tributo a los 32 cubanos ca\u00eddos el 3 de enero en Venezuela, en enfrentamiento a la agresi\u00f3n estadounidense que se complet\u00f3 con el\u00a0secuestro del presidente Nicol\u00e1s Maduro y su esposa, Cilia Flores.<\/p>\n<p class=\"ds-markdown-paragraph\">Afirm\u00f3 que cayeron en el cumplimiento de su deber y subray\u00f3: \u201cQue la sangre que derramaron no sea olvidada jam\u00e1s, y que su ejemplo se convierta en la gu\u00eda a seguir en el trabajo diario de esta direcci\u00f3n\u201d.<\/p>\n<p class=\"ds-markdown-paragraph\">Al abordar las circunstancias que vive hoy la isla, el l\u00edder de la Revoluci\u00f3n cubana se\u00f1al\u00f3 que esta \u201cvive d\u00edas dif\u00edciles, bajo la hostilidad del Gobierno de Estados Unidos, que contin\u00faa empe\u00f1ado en desaparecer el ejemplo que es Cuba para el mundo\u201d.<\/p>\n<p class=\"ds-markdown-paragraph\">Agreg\u00f3 que \u201cseguimos y seguiremos contando con ustedes para que ese prop\u00f3sito, como muchos otros, solo aparezca en los libros de historia donde se cuenta la heroicidad y grandeza de nuestro pueblo, del que ustedes forman parte y son sus hijos\u201d.<\/p>\n<p><img decoding=\"async\" class=\"size-medium wp-image-79478 aligncenter\" src=\"https:\/\/www.radiosanctispiritus.cu\/es\/wp-content\/uploads\/raul-castro-acto-seguridad-nacional-600x450.jpg\" alt=\"\" width=\"600\" height=\"450\" srcset=\"https:\/\/www.radiosanctispiritus.cu\/es\/wp-content\/uploads\/raul-castro-acto-seguridad-nacional-600x450.jpg 600w, https:\/\/www.radiosanctispiritus.cu\/es\/wp-content\/uploads\/raul-castro-acto-seguridad-nacional-1024x768.jpg 1024w, https:\/\/www.radiosanctispiritus.cu\/es\/wp-content\/uploads\/raul-castro-acto-seguridad-nacional-768x576.jpg 768w, https:\/\/www.radiosanctispiritus.cu\/es\/wp-content\/uploads\/raul-castro-acto-seguridad-nacional.jpg 1200w\" sizes=\"(max-width: 600px) 100vw, 600px\" \/><\/p>\n<p class=\"ds-markdown-paragraph\"><span class=\"\">Durante el acto, el General de Ej\u00e9rcito recibi\u00f3 un reconocimiento de manos del General de Brigada Emir Mesa Corona, jefe de la Direcci\u00f3n de Seguridad Personal, por su condici\u00f3n de jefe fundador, junto a Fidel, de ese \u00f3rgano del Ministerio del Interior.<\/span><\/p>\n<p class=\"ds-markdown-paragraph\"><span class=\"\">El ministro del Interior, General de Cuerpo de Ej\u00e9rcito L\u00e1zaro Alberto \u00c1lvarez Casas, entreg\u00f3 un diploma a la Direcci\u00f3n de Seguridad Personal por estos 65 a\u00f1os de trabajo permanente dedicados a proteger la vida de los m\u00e1ximos dirigentes de la Revoluci\u00f3n cubana.<\/span><\/p>\n<p class=\"ds-markdown-paragraph\"><span class=\"\">A la vez, cinco fundadores de ese \u00f3rgano fueron distinguidos por ser parte de esa historia y fueron personalmente felicitados, uno a uno, por el General de Ej\u00e9rcito Ra\u00fal Castro.<\/span><\/p>\n","protected":false},"excerpt":{"rendered":"<p>El l\u00edder de la Revoluci\u00f3n cubana, Ra\u00fal Castro Ruz y el presidente de la Rep\u00fablica de Cuba, Miguel D\u00edaz-Canel Berm\u00fadez, participaron en un acto por el aniversario 65 de la Direcci\u00f3n de Seguridad Personal.<\/p>\n","protected":false},"author":26,"featured_media":79476,"comment_status":"open","ping_status":"open","sticky":false,"template":"","format":"standard","meta":{"_acf_changed":false,"footnotes":""},"categories":[8,3],"tags":[28,591,87],"coauthors":[1887],"class_list":["post-79475","post","type-post","status-publish","format-standard","has-post-thumbnail","hentry","category-noticia","category-cuba","tag-miguel-diaz-canel","tag-ministerio-del-interior","tag-raul-castro"],"acf":[],"_links":{"self":[{"href":"https:\/\/www.radiosanctispiritus.cu\/es\/wp-json\/wp\/v2\/posts\/79475","targetHints":{"allow":["GET"]}}],"collection":[{"href":"https:\/\/www.radiosanctispiritus.cu\/es\/wp-json\/wp\/v2\/posts"}],"about":[{"href":"https:\/\/www.radiosanctispiritus.cu\/es\/wp-json\/wp\/v2\/types\/post"}],"author":[{"embeddable":true,"href":"https:\/\/www.radiosanctispiritus.cu\/es\/wp-json\/wp\/v2\/users\/26"}],"replies":[{"embeddable":true,"href":"https:\/\/www.radiosanctispiritus.cu\/es\/wp-json\/wp\/v2\/comments?post=79475"}],"version-history":[{"count":1,"href":"https:\/\/www.radiosanctispiritus.cu\/es\/wp-json\/wp\/v2\/posts\/79475\/revisions"}],"predecessor-version":[{"id":79479,"href":"https:\/\/www.radiosanctispiritus.cu\/es\/wp-json\/wp\/v2\/posts\/79475\/revisions\/79479"}],"wp:featuredmedia":[{"embeddable":true,"href":"https:\/\/www.radiosanctispiritus.cu\/es\/wp-json\/wp\/v2\/media\/79476"}],"wp:attachment":[{"href":"https:\/\/www.radiosanctispiritus.cu\/es\/wp-json\/wp\/v2\/media?parent=79475"}],"wp:term":[{"taxonomy":"category","embeddable":true,"href":"https:\/\/www.radiosanctispiritus.cu\/es\/wp-json\/wp\/v2\/categories?post=79475"},{"taxonomy":"post_tag","embeddable":true,"href":"https:\/\/www.radiosanctispiritus.cu\/es\/wp-json\/wp\/v2\/tags?post=79475"},{"taxonomy":"author","embeddable":true,"href":"https:\/\/www.radiosanctispiritus.cu\/es\/wp-json\/wp\/v2\/coauthors?post=79475"}],"curies":[{"name":"wp","href":"https:\/\/api.w.org\/{rel}","templated":true}]}}