{"id":79469,"date":"2026-09-05T14:54:17","date_gmt":"2026-09-05T18:54:17","guid":{"rendered":"https:\/\/www.radiosanctispiritus.cu\/es\/?p=79469"},"modified":"2026-09-05T14:54:17","modified_gmt":"2026-09-05T18:54:17","slug":"rescatan-a-un-hombre-atrapado-10-dias-bajo-tierra-tras-las-inundaciones-catastroficas-en-nepal","status":"publish","type":"post","link":"https:\/\/www.radiosanctispiritus.cu\/es\/rescatan-a-un-hombre-atrapado-10-dias-bajo-tierra-tras-las-inundaciones-catastroficas-en-nepal\/","title":{"rendered":"Rescatan a un hombre atrapado 10 d\u00edas bajo tierra tras las inundaciones catastr\u00f3ficas en Nepal"},"content":{"rendered":"<p class=\"ds-markdown-paragraph\"><span class=\"\">Un <\/span><strong><span class=\"\">ciudadano chino<\/span><\/strong><span class=\"\"> fue <\/span><strong><span class=\"\">rescatado con vida<\/span><\/strong><span class=\"\"> este s\u00e1bado de un t\u00fanel conectado a una central hidroel\u00e9ctrica en Nepal, <\/span><strong><span class=\"\">10 d\u00edas despu\u00e9s<\/span><\/strong><span class=\"\"> de las <\/span><strong><span class=\"\">devastadoras inundaciones<\/span><\/strong><span class=\"\"> que asolaron el pa\u00eds y dejaron m\u00e1s de un millar de muertos.<\/span><\/p>\n<blockquote>\n<p class=\"ds-markdown-paragraph\"><span class=\"\">\u00abUn equipo de rescate conjunto, integrado por el <\/span><strong><span class=\"\">Ej\u00e9rcito nepal\u00ed<\/span><\/strong><span class=\"\"> y <\/span><strong><span class=\"\">rescatistas extranjeros<\/span><\/strong><span class=\"\">, rescat\u00f3 con vida al ciudadano chino <\/span><strong><span class=\"\">Lu Haitao<\/span><\/strong><span class=\"\"> del interior de un t\u00fanel en el proyecto hidroel\u00e9ctrico <\/span><strong><span class=\"\">Upper Trishuli-1<\/span><\/strong><span class=\"\">\u00ab, reza un comunicado del Ej\u00e9rcito de Nepal.<\/span><\/p>\n<\/blockquote>\n<p class=\"ds-markdown-paragraph\"><span class=\"\">Lu Haitao fue localizado en un punto situado <\/span><strong><span class=\"\">aproximadamente a 225 metros dentro del t\u00fanel<\/span><\/strong><span class=\"\">. Su <\/span><strong><span class=\"\">estado de salud est\u00e1 siendo evaluado<\/span><\/strong><span class=\"\">, mientras <\/span><strong><span class=\"\">contin\u00faan las operaciones de b\u00fasqueda y rescate<\/span><\/strong><span class=\"\"> en la zona.<\/span><\/p>\n<p class=\"ds-markdown-paragraph\"><span class=\"\">El d\u00eda anterior, se llev\u00f3 a cabo otro rescate exitoso: <\/span><strong><span class=\"\">dos trabajadores<\/span><\/strong><span class=\"\"> de la central hidroel\u00e9ctrica <\/span><strong><span class=\"\">Upper Trishuli 3A<\/span><\/strong><span class=\"\"> fueron extra\u00eddos con vida. Fueron los primeros en ser rescatados de los <\/span><strong><span class=\"\">m\u00e1s de 900 operadores hidroel\u00e9ctricos desaparecidos<\/span><\/strong><span class=\"\">, cientos de los cuales, se teme, permanecen <\/span><strong><span class=\"\">atrapados en t\u00faneles y \u00e1reas subterr\u00e1neas<\/span><\/strong><span class=\"\"> de varios proyectos a lo largo del <\/span><strong><span class=\"\">r\u00edo Trishuli<\/span><\/strong><span class=\"\">, uno de los m\u00e1s afectados por las crecidas repentinas.<\/span><\/p>\n<p class=\"ds-markdown-paragraph\"><span class=\"\">Esta misma jornada, la <\/span><strong><span class=\"\">Polic\u00eda<\/span><\/strong><span class=\"\"> inform\u00f3 que el n\u00famero de muertos por las <\/span><strong><span class=\"\">inundaciones repentinas<\/span><\/strong><span class=\"\"> en Nepal ascendi\u00f3 a <\/span><strong><span class=\"\">1.344<\/span><\/strong><span class=\"\">, mientras que la cifra de desaparecidos se elev\u00f3 a <\/span><strong><span class=\"\">4.898<\/span><\/strong><span class=\"\">. Al mismo tiempo, <\/span><strong><span class=\"\">8.631 personas han sido rescatadas<\/span><\/strong><span class=\"\"> hasta el momento. Las <\/span><strong><span class=\"\">operaciones de b\u00fasqueda y rescate<\/span><\/strong><span class=\"\"> en las zonas afectadas <\/span><strong><span class=\"\">contin\u00faan en marcha<\/span><\/strong><span class=\"\"> con medios terrestres y a\u00e9reos, en una carrera contra el tiempo para hallar sobrevivientes entre los escombros y los conductos subterr\u00e1neos anegados.<\/span><\/p>\n<p><strong><span class=\"\">(Con informaci\u00f3n de RT en Espa\u00f1ol)<\/span><\/strong><\/p>\n","protected":false},"excerpt":{"rendered":"<p>Un ciudadano chino fue rescatado con vida este s\u00e1bado de un t\u00fanel conectado a una central hidroel\u00e9ctrica en Nepal, 10 d\u00edas despu\u00e9s de las devastadoras inundaciones que asolaron el pa\u00eds y dejaron m\u00e1s de un millar de muertos.<\/p>\n","protected":false},"author":26,"featured_media":79470,"comment_status":"open","ping_status":"open","sticky":false,"template":"","format":"standard","meta":{"_acf_changed":false,"footnotes":""},"categories":[8,4],"tags":[],"coauthors":[1887],"class_list":["post-79469","post","type-post","status-publish","format-standard","has-post-thumbnail","hentry","category-noticia","category-internacionales"],"acf":[],"_links":{"self":[{"href":"https:\/\/www.radiosanctispiritus.cu\/es\/wp-json\/wp\/v2\/posts\/79469","targetHints":{"allow":["GET"]}}],"collection":[{"href":"https:\/\/www.radiosanctispiritus.cu\/es\/wp-json\/wp\/v2\/posts"}],"about":[{"href":"https:\/\/www.radiosanctispiritus.cu\/es\/wp-json\/wp\/v2\/types\/post"}],"author":[{"embeddable":true,"href":"https:\/\/www.radiosanctispiritus.cu\/es\/wp-json\/wp\/v2\/users\/26"}],"replies":[{"embeddable":true,"href":"https:\/\/www.radiosanctispiritus.cu\/es\/wp-json\/wp\/v2\/comments?post=79469"}],"version-history":[{"count":1,"href":"https:\/\/www.radiosanctispiritus.cu\/es\/wp-json\/wp\/v2\/posts\/79469\/revisions"}],"predecessor-version":[{"id":79471,"href":"https:\/\/www.radiosanctispiritus.cu\/es\/wp-json\/wp\/v2\/posts\/79469\/revisions\/79471"}],"wp:featuredmedia":[{"embeddable":true,"href":"https:\/\/www.radiosanctispiritus.cu\/es\/wp-json\/wp\/v2\/media\/79470"}],"wp:attachment":[{"href":"https:\/\/www.radiosanctispiritus.cu\/es\/wp-json\/wp\/v2\/media?parent=79469"}],"wp:term":[{"taxonomy":"category","embeddable":true,"href":"https:\/\/www.radiosanctispiritus.cu\/es\/wp-json\/wp\/v2\/categories?post=79469"},{"taxonomy":"post_tag","embeddable":true,"href":"https:\/\/www.radiosanctispiritus.cu\/es\/wp-json\/wp\/v2\/tags?post=79469"},{"taxonomy":"author","embeddable":true,"href":"https:\/\/www.radiosanctispiritus.cu\/es\/wp-json\/wp\/v2\/coauthors?post=79469"}],"curies":[{"name":"wp","href":"https:\/\/api.w.org\/{rel}","templated":true}]}}