{"id":79466,"date":"2026-09-05T14:51:03","date_gmt":"2026-09-05T18:51:03","guid":{"rendered":"https:\/\/www.radiosanctispiritus.cu\/es\/?p=79466"},"modified":"2026-09-05T14:51:03","modified_gmt":"2026-09-05T18:51:03","slug":"adoptan-medidas-alternativas-para-proteccion-laboral-de-los-constructores-espirituanos","status":"publish","type":"post","link":"https:\/\/www.radiosanctispiritus.cu\/es\/adoptan-medidas-alternativas-para-proteccion-laboral-de-los-constructores-espirituanos\/","title":{"rendered":"Adoptan medidas alternativas para protecci\u00f3n laboral de los constructores espirituanos"},"content":{"rendered":"<div class=\"ds-message _63c77b1\">\n<div class=\"ds-markdown ds-assistant-message-main-content\">\n<p class=\"ds-markdown-paragraph\"><span class=\"\">Ante la crisis energ\u00e9tica que vive el pa\u00eds y, por consiguiente, la provincia, el Sindicato de los Trabajadores de la Construcci\u00f3n de Sancti Sp\u00edritus pone en pr\u00e1ctica algunas alternativas que garantizan la protecci\u00f3n laboral y salarial de sus obreros, seg\u00fan se inform\u00f3.<\/span><\/p>\n<p class=\"ds-markdown-paragraph\"><span class=\"\">La instituci\u00f3n precis\u00f3 que el personal directo se mantiene en las diferentes actividades de la construcci\u00f3n, mientras que el personal de oficina, de servicio y dem\u00e1s se reubica en otras labores, como parte de las medidas adoptadas ante la situaci\u00f3n energ\u00e9tica.<\/span><\/p>\n<p><iframe src=\"https:\/\/www.ivoox.com\/player_ej_180039787_6_1.html?c1=84140c\" width=\"100%\" height=\"200\" frameborder=\"0\" scrolling=\"no\" allowfullscreen=\"allowfullscreen\"><\/iframe><\/p>\n<\/div>\n<\/div>\n","protected":false},"excerpt":{"rendered":"<p>Ante la crisis energ\u00e9tica que vive el pa\u00eds y, por consiguiente, la provincia, el Sindicato de los Trabajadores de la Construcci\u00f3n de Sancti Sp\u00edritus pone en pr\u00e1ctica algunas alternativas que garantizan la protecci\u00f3n laboral y salarial de sus obreros, seg\u00fan se inform\u00f3.<\/p>\n","protected":false},"author":173,"featured_media":79467,"comment_status":"open","ping_status":"open","sticky":false,"template":"","format":"standard","meta":{"_acf_changed":false,"footnotes":""},"categories":[8,9,1],"tags":[],"coauthors":[1865],"class_list":["post-79466","post","type-post","status-publish","format-standard","has-post-thumbnail","hentry","category-noticia","category-en-audio","category-sancti-spiritus"],"acf":[],"_links":{"self":[{"href":"https:\/\/www.radiosanctispiritus.cu\/es\/wp-json\/wp\/v2\/posts\/79466","targetHints":{"allow":["GET"]}}],"collection":[{"href":"https:\/\/www.radiosanctispiritus.cu\/es\/wp-json\/wp\/v2\/posts"}],"about":[{"href":"https:\/\/www.radiosanctispiritus.cu\/es\/wp-json\/wp\/v2\/types\/post"}],"author":[{"embeddable":true,"href":"https:\/\/www.radiosanctispiritus.cu\/es\/wp-json\/wp\/v2\/users\/173"}],"replies":[{"embeddable":true,"href":"https:\/\/www.radiosanctispiritus.cu\/es\/wp-json\/wp\/v2\/comments?post=79466"}],"version-history":[{"count":1,"href":"https:\/\/www.radiosanctispiritus.cu\/es\/wp-json\/wp\/v2\/posts\/79466\/revisions"}],"predecessor-version":[{"id":79468,"href":"https:\/\/www.radiosanctispiritus.cu\/es\/wp-json\/wp\/v2\/posts\/79466\/revisions\/79468"}],"wp:featuredmedia":[{"embeddable":true,"href":"https:\/\/www.radiosanctispiritus.cu\/es\/wp-json\/wp\/v2\/media\/79467"}],"wp:attachment":[{"href":"https:\/\/www.radiosanctispiritus.cu\/es\/wp-json\/wp\/v2\/media?parent=79466"}],"wp:term":[{"taxonomy":"category","embeddable":true,"href":"https:\/\/www.radiosanctispiritus.cu\/es\/wp-json\/wp\/v2\/categories?post=79466"},{"taxonomy":"post_tag","embeddable":true,"href":"https:\/\/www.radiosanctispiritus.cu\/es\/wp-json\/wp\/v2\/tags?post=79466"},{"taxonomy":"author","embeddable":true,"href":"https:\/\/www.radiosanctispiritus.cu\/es\/wp-json\/wp\/v2\/coauthors?post=79466"}],"curies":[{"name":"wp","href":"https:\/\/api.w.org\/{rel}","templated":true}]}}