{"id":79460,"date":"2026-09-05T14:38:35","date_gmt":"2026-09-05T18:38:35","guid":{"rendered":"https:\/\/www.radiosanctispiritus.cu\/es\/?p=79460"},"modified":"2026-09-05T14:38:35","modified_gmt":"2026-09-05T18:38:35","slug":"impulsa-empresa-pesquera-espirituana-cultivo-intensivo-de-clarias","status":"publish","type":"post","link":"https:\/\/www.radiosanctispiritus.cu\/es\/impulsa-empresa-pesquera-espirituana-cultivo-intensivo-de-clarias\/","title":{"rendered":"Impulsa Empresa Pesquera espirituana cultivo intensivo de clarias"},"content":{"rendered":"<p class=\"ds-markdown-paragraph\"><span class=\"\">La Empresa Pesquera de Sancti Sp\u00edritus, Pescaspir, pone todo su empe\u00f1o en la dif\u00edcil tarea de impulsar el cultivo intensivo de clarias en el territorio, seg\u00fan se inform\u00f3.<\/span><\/p>\n<p class=\"ds-markdown-paragraph\"><span class=\"\">En el cultivo intensivo, este a\u00f1o se tiene un plan de cincuenta toneladas de clarias, cuyo alevinaje se realiz\u00f3 el a\u00f1o pasado y a principios del presente se logr\u00f3 contar con el alevinaje y con un nivel de base alimentaria para estos animales.<\/span><\/p>\n<p><iframe src=\"https:\/\/www.ivoox.com\/player_ej_180038973_6_1.html?c1=84140c\" width=\"100%\" height=\"200\" frameborder=\"0\" scrolling=\"no\" allowfullscreen=\"allowfullscreen\"><\/iframe><\/p>\n","protected":false},"excerpt":{"rendered":"<p>La Empresa Pesquera de Sancti Sp\u00edritus, Pescaspir, pone todo su empe\u00f1o en la dif\u00edcil tarea de impulsar el cultivo intensivo de clarias en el territorio, seg\u00fan se inform\u00f3.<\/p>\n","protected":false},"author":194,"featured_media":79461,"comment_status":"open","ping_status":"open","sticky":false,"template":"","format":"standard","meta":{"_acf_changed":false,"footnotes":""},"categories":[8,9,1],"tags":[],"coauthors":[2035],"class_list":["post-79460","post","type-post","status-publish","format-standard","has-post-thumbnail","hentry","category-noticia","category-en-audio","category-sancti-spiritus"],"acf":[],"_links":{"self":[{"href":"https:\/\/www.radiosanctispiritus.cu\/es\/wp-json\/wp\/v2\/posts\/79460","targetHints":{"allow":["GET"]}}],"collection":[{"href":"https:\/\/www.radiosanctispiritus.cu\/es\/wp-json\/wp\/v2\/posts"}],"about":[{"href":"https:\/\/www.radiosanctispiritus.cu\/es\/wp-json\/wp\/v2\/types\/post"}],"author":[{"embeddable":true,"href":"https:\/\/www.radiosanctispiritus.cu\/es\/wp-json\/wp\/v2\/users\/194"}],"replies":[{"embeddable":true,"href":"https:\/\/www.radiosanctispiritus.cu\/es\/wp-json\/wp\/v2\/comments?post=79460"}],"version-history":[{"count":1,"href":"https:\/\/www.radiosanctispiritus.cu\/es\/wp-json\/wp\/v2\/posts\/79460\/revisions"}],"predecessor-version":[{"id":79462,"href":"https:\/\/www.radiosanctispiritus.cu\/es\/wp-json\/wp\/v2\/posts\/79460\/revisions\/79462"}],"wp:featuredmedia":[{"embeddable":true,"href":"https:\/\/www.radiosanctispiritus.cu\/es\/wp-json\/wp\/v2\/media\/79461"}],"wp:attachment":[{"href":"https:\/\/www.radiosanctispiritus.cu\/es\/wp-json\/wp\/v2\/media?parent=79460"}],"wp:term":[{"taxonomy":"category","embeddable":true,"href":"https:\/\/www.radiosanctispiritus.cu\/es\/wp-json\/wp\/v2\/categories?post=79460"},{"taxonomy":"post_tag","embeddable":true,"href":"https:\/\/www.radiosanctispiritus.cu\/es\/wp-json\/wp\/v2\/tags?post=79460"},{"taxonomy":"author","embeddable":true,"href":"https:\/\/www.radiosanctispiritus.cu\/es\/wp-json\/wp\/v2\/coauthors?post=79460"}],"curies":[{"name":"wp","href":"https:\/\/api.w.org\/{rel}","templated":true}]}}