{"id":79451,"date":"2026-09-05T18:05:59","date_gmt":"2026-09-05T22:05:59","guid":{"rendered":"https:\/\/www.radiosanctispiritus.cu\/es\/?p=79451"},"modified":"2026-09-05T12:42:58","modified_gmt":"2026-09-05T16:42:58","slug":"destacan-participacion-juvenil-en-riego-de-semilleros-de-tabaco-en-sancti-spiritus","status":"publish","type":"post","link":"https:\/\/www.radiosanctispiritus.cu\/es\/destacan-participacion-juvenil-en-riego-de-semilleros-de-tabaco-en-sancti-spiritus\/","title":{"rendered":"Destacan participaci\u00f3n juvenil en riego de semilleros de tabaco en Sancti Sp\u00edritus"},"content":{"rendered":"<p>&nbsp;<\/p>\n<p>Los tabacaleros espirituanos avanzan en la riega de semilleros como antesala de la campa\u00f1a 2026-2027 y lo hacen con la meta de crecer en 300 hect\u00e1reas en comparaci\u00f3n con la contienda precedente.<\/p>\n<p>Un reto que tiene a los j\u00f3venes entre los principales protagonistas y donde la tecnolog\u00eda Sol en Palo registra un despertar creciente.<\/p>\n<p>En esta n\u00f3mina destaca el productor Carlos Miguel D\u00edaz Camacho, perteneciente a la CSS Juan Manuel M\u00e1rquez del municipio.<\/p>\n<p>\u201cEl a\u00f1o pasado ech\u00e9 5 hect\u00e1reas de semillero. Este a\u00f1o voy a echar 9 hect\u00e1reas. Voy a crecer en 3 hect\u00e1reas. Y de tabaco parecido, el tabaco que sembr\u00e9, llego el a\u00f1o pasado a 15 hect\u00e1reas. Entr\u00e9 en 32 toneladas. Y este a\u00f1o quiero crecer a 30 hect\u00e1reas.<\/p>\n<p>Con rendimientos de 2.50 toneladas por hect\u00e1reas, este joven tabacalero espirituano sigue apostando por las variedades Sancti Spiritus y Corojo 2020.<\/p>\n<p>\u00abEl Sancti Spiritus es un tabaco muy bueno para el sol en palo, resistente, para el sol en palo es muy bueno\u00bb.<\/p>\n<p>\u00abEl Corojo es m\u00e1s bien tapado, pero bueno ya el Sancti Spiritus es una variedad m\u00e1s vieja, que por eso se est\u00e1 probando a sembrar Corojo\u00bb.<\/p>\n<p>Asegura D\u00edaz Camacho que el tema combustible constituye un desaf\u00edo en la actualidad. No obstante, recalc\u00f3, la atracci\u00f3n animal es la principal aliada y soluci\u00f3n inmediata ante el cerco energ\u00e9tico que enfrenta el pa\u00eds.<\/p>\n<p>En las vegas espirituanas, la participaci\u00f3n, fuerza y motivaci\u00f3n de los j\u00f3venes para alcanzar las 80 hect\u00e1reas de semilleros es determinante en el empe\u00f1o de crecimiento tabacalero, a pesar de las condiciones energ\u00e9ticas que enfrenta el pa\u00eds.<br \/>\n<iframe src=\"https:\/\/www.ivoox.com\/player_ej_180039966_6_1.html?c1=84140c\" width=\"100%\" height=\"200\" frameborder=\"0\" scrolling=\"no\" allowfullscreen=\"allowfullscreen\"><\/iframe><\/p>\n","protected":false},"excerpt":{"rendered":"<p>&nbsp; Los tabacaleros espirituanos avanzan en la riega de semilleros como antesala de la campa\u00f1a 2026-2027 y lo hacen con la meta de crecer en 300 hect\u00e1reas en comparaci\u00f3n con la contienda precedente. Un reto que tiene a los j\u00f3venes entre los principales protagonistas y donde la tecnolog\u00eda Sol en Palo registra un despertar creciente. [&hellip;]<\/p>\n","protected":false},"author":151,"featured_media":79456,"comment_status":"open","ping_status":"open","sticky":false,"template":"","format":"standard","meta":{"_acf_changed":false,"footnotes":""},"categories":[9],"tags":[],"coauthors":[1941],"class_list":["post-79451","post","type-post","status-publish","format-standard","has-post-thumbnail","hentry","category-en-audio"],"acf":[],"_links":{"self":[{"href":"https:\/\/www.radiosanctispiritus.cu\/es\/wp-json\/wp\/v2\/posts\/79451","targetHints":{"allow":["GET"]}}],"collection":[{"href":"https:\/\/www.radiosanctispiritus.cu\/es\/wp-json\/wp\/v2\/posts"}],"about":[{"href":"https:\/\/www.radiosanctispiritus.cu\/es\/wp-json\/wp\/v2\/types\/post"}],"author":[{"embeddable":true,"href":"https:\/\/www.radiosanctispiritus.cu\/es\/wp-json\/wp\/v2\/users\/151"}],"replies":[{"embeddable":true,"href":"https:\/\/www.radiosanctispiritus.cu\/es\/wp-json\/wp\/v2\/comments?post=79451"}],"version-history":[{"count":4,"href":"https:\/\/www.radiosanctispiritus.cu\/es\/wp-json\/wp\/v2\/posts\/79451\/revisions"}],"predecessor-version":[{"id":79457,"href":"https:\/\/www.radiosanctispiritus.cu\/es\/wp-json\/wp\/v2\/posts\/79451\/revisions\/79457"}],"wp:featuredmedia":[{"embeddable":true,"href":"https:\/\/www.radiosanctispiritus.cu\/es\/wp-json\/wp\/v2\/media\/79456"}],"wp:attachment":[{"href":"https:\/\/www.radiosanctispiritus.cu\/es\/wp-json\/wp\/v2\/media?parent=79451"}],"wp:term":[{"taxonomy":"category","embeddable":true,"href":"https:\/\/www.radiosanctispiritus.cu\/es\/wp-json\/wp\/v2\/categories?post=79451"},{"taxonomy":"post_tag","embeddable":true,"href":"https:\/\/www.radiosanctispiritus.cu\/es\/wp-json\/wp\/v2\/tags?post=79451"},{"taxonomy":"author","embeddable":true,"href":"https:\/\/www.radiosanctispiritus.cu\/es\/wp-json\/wp\/v2\/coauthors?post=79451"}],"curies":[{"name":"wp","href":"https:\/\/api.w.org\/{rel}","templated":true}]}}