{"id":79450,"date":"2026-09-05T18:08:33","date_gmt":"2026-09-05T22:08:33","guid":{"rendered":"https:\/\/www.radiosanctispiritus.cu\/es\/?p=79450"},"modified":"2026-09-05T12:49:43","modified_gmt":"2026-09-05T16:49:43","slug":"continua-instalacion-de-sistemas-fotovoltaicos-para-la-produccion-de-tabaco-en-fomento","status":"publish","type":"post","link":"https:\/\/www.radiosanctispiritus.cu\/es\/continua-instalacion-de-sistemas-fotovoltaicos-para-la-produccion-de-tabaco-en-fomento\/","title":{"rendered":"Contin\u00faa instalaci\u00f3n de sistemas fotovoltaicos para la producci\u00f3n de tabaco en Fomento"},"content":{"rendered":"<p>La UBPC de acopio y Beneficio del Tabaco en el municipio de Fomento contin\u00faa la instalaci\u00f3n de sistemas de riego fotovoltaicos para fortalecer la producci\u00f3n tabacalera.<\/p>\n<p>Seg\u00fan inform\u00f3 V\u00edctor \u00c1lvarez Mirabal, director de la unidad empresarial, el productor Tirso Mena, perteneciente a la CCS M\u00e1rtires de la Familia Romero, ya cuenta con este sofisticado equipo, convirti\u00e9ndose en el segundo tabacalero del territorio en instalarlo.<\/p>\n<p>El directivo cont\u00f3 adem\u00e1s que actualmente los equipos que ya se encuentran en el municipio est\u00e1n en proceso de ubicaci\u00f3n en la finca de los productores Juan Carmona, de la CPA Liberaci\u00f3n de Fomento, Gary P\u00e9rez Soto, de la CSS Armando Mestre, Rafael Gonz\u00e1lez, de la CSS M\u00e1rtires de Fomento y Yeriel Negr\u00edn, perteneciente a la UEB Compra y Mejora en la comunidad El \u00d1ame.<\/p>\n<p>Las instalaciones de estos sistemas de riego continuar\u00e1n a medida que vayan entrando al municipio con el objetivo de apoyar la producci\u00f3n tabacalera de la localidad fomentense.<\/p>\n<p><iframe src=\"https:\/\/www.ivoox.com\/player_ej_180040042_6_1.html?c1=84140c\" width=\"100%\" height=\"200\" frameborder=\"0\" scrolling=\"no\" allowfullscreen=\"allowfullscreen\"><\/iframe><\/p>\n","protected":false},"excerpt":{"rendered":"<p>La UBPC de acopio y Beneficio del Tabaco en el municipio de Fomento contin\u00faa la instalaci\u00f3n de sistemas de riego fotovoltaicos para fortalecer la producci\u00f3n tabacalera. Seg\u00fan inform\u00f3 V\u00edctor \u00c1lvarez Mirabal, director de la unidad empresarial, el productor Tirso Mena, perteneciente a la CCS M\u00e1rtires de la Familia Romero, ya cuenta con este sofisticado equipo, [&hellip;]<\/p>\n","protected":false},"author":2,"featured_media":79458,"comment_status":"open","ping_status":"open","sticky":false,"template":"","format":"standard","meta":{"_acf_changed":false,"footnotes":""},"categories":[9],"tags":[],"coauthors":[1891],"class_list":["post-79450","post","type-post","status-publish","format-standard","has-post-thumbnail","hentry","category-en-audio"],"acf":[],"_links":{"self":[{"href":"https:\/\/www.radiosanctispiritus.cu\/es\/wp-json\/wp\/v2\/posts\/79450","targetHints":{"allow":["GET"]}}],"collection":[{"href":"https:\/\/www.radiosanctispiritus.cu\/es\/wp-json\/wp\/v2\/posts"}],"about":[{"href":"https:\/\/www.radiosanctispiritus.cu\/es\/wp-json\/wp\/v2\/types\/post"}],"author":[{"embeddable":true,"href":"https:\/\/www.radiosanctispiritus.cu\/es\/wp-json\/wp\/v2\/users\/2"}],"replies":[{"embeddable":true,"href":"https:\/\/www.radiosanctispiritus.cu\/es\/wp-json\/wp\/v2\/comments?post=79450"}],"version-history":[{"count":1,"href":"https:\/\/www.radiosanctispiritus.cu\/es\/wp-json\/wp\/v2\/posts\/79450\/revisions"}],"predecessor-version":[{"id":79459,"href":"https:\/\/www.radiosanctispiritus.cu\/es\/wp-json\/wp\/v2\/posts\/79450\/revisions\/79459"}],"wp:featuredmedia":[{"embeddable":true,"href":"https:\/\/www.radiosanctispiritus.cu\/es\/wp-json\/wp\/v2\/media\/79458"}],"wp:attachment":[{"href":"https:\/\/www.radiosanctispiritus.cu\/es\/wp-json\/wp\/v2\/media?parent=79450"}],"wp:term":[{"taxonomy":"category","embeddable":true,"href":"https:\/\/www.radiosanctispiritus.cu\/es\/wp-json\/wp\/v2\/categories?post=79450"},{"taxonomy":"post_tag","embeddable":true,"href":"https:\/\/www.radiosanctispiritus.cu\/es\/wp-json\/wp\/v2\/tags?post=79450"},{"taxonomy":"author","embeddable":true,"href":"https:\/\/www.radiosanctispiritus.cu\/es\/wp-json\/wp\/v2\/coauthors?post=79450"}],"curies":[{"name":"wp","href":"https:\/\/api.w.org\/{rel}","templated":true}]}}