{"id":79449,"date":"2026-09-05T18:02:30","date_gmt":"2026-09-05T22:02:30","guid":{"rendered":"https:\/\/www.radiosanctispiritus.cu\/es\/?p=79449"},"modified":"2026-09-05T12:40:15","modified_gmt":"2026-09-05T16:40:15","slug":"haydee-rodriguez-ayudo-al-nacimiento-de-la-sierpe","status":"publish","type":"post","link":"https:\/\/www.radiosanctispiritus.cu\/es\/haydee-rodriguez-ayudo-al-nacimiento-de-la-sierpe\/","title":{"rendered":"Hayd\u00e9e Rodr\u00edguez ayud\u00f3 al nacimiento de La Sierpe"},"content":{"rendered":"<p>Distinguida desde hace varios a\u00f1os con la condici\u00f3n de s\u00edmbolo humano del gobierno en el municipio, Haidee Rodr\u00edguez Mart\u00ednez tiene el m\u00e9rito y el orgullo de haber sido la primera trabajadora comunal que contribuy\u00f3 a organizar la vida en familia de los primeros habitantes de la comunidad de la Sierpe en 1972.<\/p>\n<p>\u201cPorque me conoce la comisi\u00f3n que est\u00e1 trabajando en esa ubicaci\u00f3n de familias y dem\u00e1s, ellos se reun\u00edan en mi casa, yo era maestra primaria. Y entonces hacen relaciones conmigo para que llevara adelante el trabajo social que hab\u00eda que efectuar con todas esas familias que se mudaban.<\/p>\n<p>Pero Haidee Rodr\u00edguez Mart\u00ednez reconoce en esas familias, acostumbradas entonces a vivir aisladas en el campo y de pronto a mudarse a edificios multifamiliares cara a cara con los dem\u00e1s, a las verdaderas protagonistas de ese momento trascendental que propici\u00f3 la revoluci\u00f3n. \u00bfPor qu\u00e9 raz\u00f3n? Eran familias de distintos lugares, dispersas en toda el \u00e1rea esa que hoy ocupa la presa Zaza.<\/p>\n<p>\u201cY se supon\u00eda que como eran personas de campo, que ten\u00edan quiz\u00e1s menos cultura, menos preparaci\u00f3n pol\u00edtica, que hab\u00eda que trabajar con ellos. Y era cierto, pero eran unas familias muy humildes, muy trabajadoras, muy disciplinadas. Por lo menos si no lo eran yo, lo logr\u00e9. No s\u00e9 si yo lo logr\u00e9, yo creo que eran ellos\u201d.<\/p>\n<p><iframe src=\"https:\/\/www.ivoox.com\/player_ej_180039982_6_1.html?c1=84140c\" width=\"100%\" height=\"200\" frameborder=\"0\" allowfullscreen=\"\" scrolling=\"no\" loading=\"lazy\"><\/iframe><\/p>\n","protected":false},"excerpt":{"rendered":"<p>Distinguida desde hace varios a\u00f1os con la condici\u00f3n de s\u00edmbolo humano del gobierno en el municipio, Haidee Rodr\u00edguez Mart\u00ednez tiene el m\u00e9rito y el orgullo de haber sido la primera trabajadora comunal que contribuy\u00f3 a organizar la vida en familia de los primeros habitantes de la comunidad de la Sierpe en 1972. \u201cPorque me conoce [&hellip;]<\/p>\n","protected":false},"author":136,"featured_media":71568,"comment_status":"open","ping_status":"open","sticky":false,"template":"","format":"standard","meta":{"_acf_changed":false,"footnotes":""},"categories":[9],"tags":[],"coauthors":[1875],"class_list":["post-79449","post","type-post","status-publish","format-standard","has-post-thumbnail","hentry","category-en-audio"],"acf":[],"_links":{"self":[{"href":"https:\/\/www.radiosanctispiritus.cu\/es\/wp-json\/wp\/v2\/posts\/79449","targetHints":{"allow":["GET"]}}],"collection":[{"href":"https:\/\/www.radiosanctispiritus.cu\/es\/wp-json\/wp\/v2\/posts"}],"about":[{"href":"https:\/\/www.radiosanctispiritus.cu\/es\/wp-json\/wp\/v2\/types\/post"}],"author":[{"embeddable":true,"href":"https:\/\/www.radiosanctispiritus.cu\/es\/wp-json\/wp\/v2\/users\/136"}],"replies":[{"embeddable":true,"href":"https:\/\/www.radiosanctispiritus.cu\/es\/wp-json\/wp\/v2\/comments?post=79449"}],"version-history":[{"count":1,"href":"https:\/\/www.radiosanctispiritus.cu\/es\/wp-json\/wp\/v2\/posts\/79449\/revisions"}],"predecessor-version":[{"id":79454,"href":"https:\/\/www.radiosanctispiritus.cu\/es\/wp-json\/wp\/v2\/posts\/79449\/revisions\/79454"}],"wp:featuredmedia":[{"embeddable":true,"href":"https:\/\/www.radiosanctispiritus.cu\/es\/wp-json\/wp\/v2\/media\/71568"}],"wp:attachment":[{"href":"https:\/\/www.radiosanctispiritus.cu\/es\/wp-json\/wp\/v2\/media?parent=79449"}],"wp:term":[{"taxonomy":"category","embeddable":true,"href":"https:\/\/www.radiosanctispiritus.cu\/es\/wp-json\/wp\/v2\/categories?post=79449"},{"taxonomy":"post_tag","embeddable":true,"href":"https:\/\/www.radiosanctispiritus.cu\/es\/wp-json\/wp\/v2\/tags?post=79449"},{"taxonomy":"author","embeddable":true,"href":"https:\/\/www.radiosanctispiritus.cu\/es\/wp-json\/wp\/v2\/coauthors?post=79449"}],"curies":[{"name":"wp","href":"https:\/\/api.w.org\/{rel}","templated":true}]}}