{"id":79435,"date":"2026-09-06T05:14:22","date_gmt":"2026-09-06T09:14:22","guid":{"rendered":"https:\/\/www.radiosanctispiritus.cu\/es\/?p=79435"},"modified":"2026-09-05T10:39:54","modified_gmt":"2026-09-05T14:39:54","slug":"propuesta-entre-trazos-y-policromia-de-rebecca-diaz","status":"publish","type":"post","link":"https:\/\/www.radiosanctispiritus.cu\/es\/propuesta-entre-trazos-y-policromia-de-rebecca-diaz\/","title":{"rendered":"Propuesta entre trazos y policrom\u00eda de Rebecca D\u00edaz"},"content":{"rendered":"<p>Con la certeza de quien sabe cuanto dice, la joven artista visual Rebecca D\u00edaz Rodr\u00edguez revela que a ella, la inspiraci\u00f3n, le llega siempre colmada de colores y trazos geom\u00e9tricos, a partir de los cuales arma su hilo creativo, en s\u00ed, su manera distintiva de expresarse.<\/p>\n<p>Y el argumento est\u00e1 impl\u00edcito\u00a0en m\u00e1s de veinte obras expuestas, de la mano del grabado, en la Biblioteca Provincial Rub\u00e9n Mart\u00ednez Villena.<\/p>\n<div id=\"attachment_79437\" style=\"width: 610px\" class=\"wp-caption aligncenter\"><img decoding=\"async\" aria-describedby=\"caption-attachment-79437\" class=\"size-medium wp-image-79437\" src=\"https:\/\/www.radiosanctispiritus.cu\/es\/wp-content\/uploads\/Expo-Rebecca-2-600x416.jpg\" alt=\"\" width=\"600\" height=\"416\" srcset=\"https:\/\/www.radiosanctispiritus.cu\/es\/wp-content\/uploads\/Expo-Rebecca-2-600x416.jpg 600w, https:\/\/www.radiosanctispiritus.cu\/es\/wp-content\/uploads\/Expo-Rebecca-2-1024x711.jpg 1024w, https:\/\/www.radiosanctispiritus.cu\/es\/wp-content\/uploads\/Expo-Rebecca-2-768x533.jpg 768w, https:\/\/www.radiosanctispiritus.cu\/es\/wp-content\/uploads\/Expo-Rebecca-2-1536x1066.jpg 1536w, https:\/\/www.radiosanctispiritus.cu\/es\/wp-content\/uploads\/Expo-Rebecca-2-2048x1421.jpg 2048w\" sizes=\"(max-width: 600px) 100vw, 600px\" \/><p id=\"caption-attachment-79437\" class=\"wp-caption-text\">Rebecca D\u00edaz (D) ha completado ya cinco muestras de su incipiente creatividad.<\/p><\/div>\n<p>Bajo el t\u00edtulo de Atlantis, la muchacha, de solo 14 a\u00f1os de edad, conceptualiza esa inquietud, la misma que la llev\u00f3 a desprenderse de la flauta para acariciar cartulina, l\u00e1piz y acuarelas, vencer el examen para ingresar a la Escuela Vocacional de Arte de Santa Clara, y sobre todo, desandar con pasos firmes la expresi\u00f3n art\u00edstica que le incentiva el alma.<\/p>\n<p>Atlantis es la quinta muestra de esta nov\u00edsima creadora, quien dice estar haciendo para otro encuentro de su obra con el p\u00fablico.<\/p>\n<div id=\"attachment_79438\" style=\"width: 610px\" class=\"wp-caption aligncenter\"><img decoding=\"async\" aria-describedby=\"caption-attachment-79438\" class=\"size-medium wp-image-79438\" src=\"https:\/\/www.radiosanctispiritus.cu\/es\/wp-content\/uploads\/Expo-Rebecca-3-600x450.jpg\" alt=\"\" width=\"600\" height=\"450\" srcset=\"https:\/\/www.radiosanctispiritus.cu\/es\/wp-content\/uploads\/Expo-Rebecca-3-600x450.jpg 600w, https:\/\/www.radiosanctispiritus.cu\/es\/wp-content\/uploads\/Expo-Rebecca-3-1024x768.jpg 1024w, https:\/\/www.radiosanctispiritus.cu\/es\/wp-content\/uploads\/Expo-Rebecca-3-768x576.jpg 768w, https:\/\/www.radiosanctispiritus.cu\/es\/wp-content\/uploads\/Expo-Rebecca-3-1536x1152.jpg 1536w, https:\/\/www.radiosanctispiritus.cu\/es\/wp-content\/uploads\/Expo-Rebecca-3-2048x1536.jpg 2048w\" sizes=\"(max-width: 600px) 100vw, 600px\" \/><p id=\"caption-attachment-79438\" class=\"wp-caption-text\">Colores y geometr\u00eda, incentivos para Rebecca.<\/p><\/div>\n<div id=\"attachment_79439\" style=\"width: 610px\" class=\"wp-caption aligncenter\"><img decoding=\"async\" aria-describedby=\"caption-attachment-79439\" class=\"size-medium wp-image-79439\" src=\"https:\/\/www.radiosanctispiritus.cu\/es\/wp-content\/uploads\/Expo-Rebecca-4-600x432.jpg\" alt=\"\" width=\"600\" height=\"432\" srcset=\"https:\/\/www.radiosanctispiritus.cu\/es\/wp-content\/uploads\/Expo-Rebecca-4-600x432.jpg 600w, https:\/\/www.radiosanctispiritus.cu\/es\/wp-content\/uploads\/Expo-Rebecca-4-1024x738.jpg 1024w, https:\/\/www.radiosanctispiritus.cu\/es\/wp-content\/uploads\/Expo-Rebecca-4-768x553.jpg 768w, https:\/\/www.radiosanctispiritus.cu\/es\/wp-content\/uploads\/Expo-Rebecca-4-1536x1107.jpg 1536w, https:\/\/www.radiosanctispiritus.cu\/es\/wp-content\/uploads\/Expo-Rebecca-4-2048x1476.jpg 2048w\" sizes=\"(max-width: 600px) 100vw, 600px\" \/><p id=\"caption-attachment-79439\" class=\"wp-caption-text\">La muestra se expone en la Biblioteca Provincial Rub\u00e9n Mart\u00ednez Villena.<\/p><\/div>\n<div id=\"attachment_79440\" style=\"width: 610px\" class=\"wp-caption aligncenter\"><img decoding=\"async\" aria-describedby=\"caption-attachment-79440\" class=\"size-medium wp-image-79440\" src=\"https:\/\/www.radiosanctispiritus.cu\/es\/wp-content\/uploads\/Expo-Rebecca-5-600x489.jpg\" alt=\"\" width=\"600\" height=\"489\" srcset=\"https:\/\/www.radiosanctispiritus.cu\/es\/wp-content\/uploads\/Expo-Rebecca-5-600x489.jpg 600w, https:\/\/www.radiosanctispiritus.cu\/es\/wp-content\/uploads\/Expo-Rebecca-5-1024x834.jpg 1024w, https:\/\/www.radiosanctispiritus.cu\/es\/wp-content\/uploads\/Expo-Rebecca-5-768x626.jpg 768w, https:\/\/www.radiosanctispiritus.cu\/es\/wp-content\/uploads\/Expo-Rebecca-5-1536x1251.jpg 1536w, https:\/\/www.radiosanctispiritus.cu\/es\/wp-content\/uploads\/Expo-Rebecca-5-2048x1668.jpg 2048w\" sizes=\"(max-width: 600px) 100vw, 600px\" \/><p id=\"caption-attachment-79440\" class=\"wp-caption-text\">El grabado, vital para comunicar en las propuestas de Rebecca.<\/p><\/div>\n<div id=\"attachment_79441\" style=\"width: 610px\" class=\"wp-caption aligncenter\"><img decoding=\"async\" aria-describedby=\"caption-attachment-79441\" class=\"size-medium wp-image-79441\" src=\"https:\/\/www.radiosanctispiritus.cu\/es\/wp-content\/uploads\/Expo-Rebecca-6-600x451.jpg\" alt=\"\" width=\"600\" height=\"451\" srcset=\"https:\/\/www.radiosanctispiritus.cu\/es\/wp-content\/uploads\/Expo-Rebecca-6-600x451.jpg 600w, https:\/\/www.radiosanctispiritus.cu\/es\/wp-content\/uploads\/Expo-Rebecca-6-1024x770.jpg 1024w, https:\/\/www.radiosanctispiritus.cu\/es\/wp-content\/uploads\/Expo-Rebecca-6-768x577.jpg 768w, https:\/\/www.radiosanctispiritus.cu\/es\/wp-content\/uploads\/Expo-Rebecca-6-1536x1155.jpg 1536w, https:\/\/www.radiosanctispiritus.cu\/es\/wp-content\/uploads\/Expo-Rebecca-6-2048x1539.jpg 2048w\" sizes=\"(max-width: 600px) 100vw, 600px\" \/><p id=\"caption-attachment-79441\" class=\"wp-caption-text\">La policrom\u00eda y los trazos perfectos llaman de por s\u00ed la atenci\u00f3n de quienes visitan la exposici\u00f3n.<\/p><\/div>\n","protected":false},"excerpt":{"rendered":"<p>Con la certeza de quien sabe cuanto dice, la joven artista visual Rebecca D\u00edaz Rodr\u00edguez revela que a ella, la inspiraci\u00f3n, le llega siempre colmada de colores y trazos geom\u00e9tricos, a partir de los cuales arma su hilo creativo, en s\u00ed, su manera distintiva de expresarse.<\/p>\n","protected":false},"author":15,"featured_media":79436,"comment_status":"open","ping_status":"open","sticky":false,"template":"","format":"standard","meta":{"_acf_changed":false,"footnotes":""},"categories":[11,6,8,1],"tags":[281,1820],"coauthors":[1884],"class_list":["post-79435","post","type-post","status-publish","format-standard","has-post-thumbnail","hentry","category-fotorreportaje","category-cultura","category-noticia","category-sancti-spiritus","tag-artes-plasticas","tag-biblioteca-provincial-ruben-martinez-villena"],"acf":[],"_links":{"self":[{"href":"https:\/\/www.radiosanctispiritus.cu\/es\/wp-json\/wp\/v2\/posts\/79435","targetHints":{"allow":["GET"]}}],"collection":[{"href":"https:\/\/www.radiosanctispiritus.cu\/es\/wp-json\/wp\/v2\/posts"}],"about":[{"href":"https:\/\/www.radiosanctispiritus.cu\/es\/wp-json\/wp\/v2\/types\/post"}],"author":[{"embeddable":true,"href":"https:\/\/www.radiosanctispiritus.cu\/es\/wp-json\/wp\/v2\/users\/15"}],"replies":[{"embeddable":true,"href":"https:\/\/www.radiosanctispiritus.cu\/es\/wp-json\/wp\/v2\/comments?post=79435"}],"version-history":[{"count":2,"href":"https:\/\/www.radiosanctispiritus.cu\/es\/wp-json\/wp\/v2\/posts\/79435\/revisions"}],"predecessor-version":[{"id":79443,"href":"https:\/\/www.radiosanctispiritus.cu\/es\/wp-json\/wp\/v2\/posts\/79435\/revisions\/79443"}],"wp:featuredmedia":[{"embeddable":true,"href":"https:\/\/www.radiosanctispiritus.cu\/es\/wp-json\/wp\/v2\/media\/79436"}],"wp:attachment":[{"href":"https:\/\/www.radiosanctispiritus.cu\/es\/wp-json\/wp\/v2\/media?parent=79435"}],"wp:term":[{"taxonomy":"category","embeddable":true,"href":"https:\/\/www.radiosanctispiritus.cu\/es\/wp-json\/wp\/v2\/categories?post=79435"},{"taxonomy":"post_tag","embeddable":true,"href":"https:\/\/www.radiosanctispiritus.cu\/es\/wp-json\/wp\/v2\/tags?post=79435"},{"taxonomy":"author","embeddable":true,"href":"https:\/\/www.radiosanctispiritus.cu\/es\/wp-json\/wp\/v2\/coauthors?post=79435"}],"curies":[{"name":"wp","href":"https:\/\/api.w.org\/{rel}","templated":true}]}}