{"id":79419,"date":"2026-09-05T06:28:14","date_gmt":"2026-09-05T10:28:14","guid":{"rendered":"https:\/\/www.radiosanctispiritus.cu\/es\/?p=79419"},"modified":"2026-09-05T06:28:14","modified_gmt":"2026-09-05T10:28:14","slug":"recibe-presidente-cubano-a-subdirectora-general-de-prioridad-africa-y-relaciones-exteriores-de-la-unesco","status":"publish","type":"post","link":"https:\/\/www.radiosanctispiritus.cu\/es\/recibe-presidente-cubano-a-subdirectora-general-de-prioridad-africa-y-relaciones-exteriores-de-la-unesco\/","title":{"rendered":"Recibe presidente cubano a subdirectora general de Prioridad \u00c1frica y Relaciones Exteriores de la UNESCO"},"content":{"rendered":"<p>Un tono de cordialidad y comprensi\u00f3n mutua en cuanto a temas tan esenciales para la dignidad humana como el acceso a la educaci\u00f3n y a la cultura marc\u00f3 el encuentro sostenido, en la tarde de este viernes, entre el presidente de la Rep\u00fablica de Cuba, Miguel D\u00edaz-Canel Berm\u00fadez, y Lidia Arthur Brito, subdirectora general de Prioridad \u00c1frica y Relaciones Exteriores de la Organizaci\u00f3n de las Naciones Unidas para la Educaci\u00f3n, la Ciencia y la Cultura (UNESCO).<\/p>\n<p>\u201cEs un placer recibirle en el Palacio de la Revoluci\u00f3n, en ocasi\u00f3n de esta visita suya a Cuba\u201d, expres\u00f3 el primer secretario del Comit\u00e9 Central del Partido Comunista de Cuba al dar la bienvenida a la directiva, quien este mismo viernes lleg\u00f3 a la Mayor de las Antillas para dar cumplimiento a una agenda de visita oficial.<\/p>\n<p>El mandatario valor\u00f3 la llegada de Lidia Arthur Brito como de \u201cmuy significativa\u201d, y recalc\u00f3 que su arribo es muestra de \u201clos lazos hist\u00f3ricos que hay de relaciones entre la Unesco y nuestra Comisi\u00f3n Nacional\u201d, as\u00ed como entre esa organizaci\u00f3n y la labor que desempe\u00f1a la representaci\u00f3n cubana ante la UNESCO.<\/p>\n<p>Lo anterior \u2014reflexion\u00f3 el dignatario\u2014 \u201ctiene que ver con elementos de convicci\u00f3n. O sea, hay mucha coincidencia entre los principios que defiende la UNESCO y los principios que defiende la Revoluci\u00f3n cubana\u201d.<\/p>\n<p>D\u00edaz-Canel Berm\u00fadez expres\u00f3 a la amiga visitante: \u201cNosotros hemos declarado como un pilar de la Gesti\u00f3n de Gobierno la ciencia y la innovaci\u00f3n; estamos defendiendo nuestra cultura ante las amenazas de todos los planes de colonizaci\u00f3n cultural que nos quiere imponer el imperio, y no hemos renunciado a nuestra educaci\u00f3n, a nuestra salud, a nuestra cultura universal, inclusiva, y gratuita\u201d.<\/p>\n<p>El jefe de Estado record\u00f3 que este primero de septiembre el pa\u00eds caribe\u00f1o inaugur\u00f3 el nuevo curso escolar, en la educaci\u00f3n general, y que este jueves, en la provincia de Matanzas, tuvo lugar el inicio \u201cdel nuevo curso en la Educaci\u00f3n Superior, en una situaci\u00f3n extremadamente compleja, con el recrudecimiento del bloqueo, y el bloqueo energ\u00e9tico que se ha a\u00f1adido\u201d.<\/p>\n<p>Seguidamente sum\u00f3 su valoraci\u00f3n de que \u201cla labor de nuestros maestros fue heroica\u201d. Lo dijo por \u201cc\u00f3mo terminaron el curso escolar el pasado a\u00f1o, dando clases y lecciones sin energ\u00eda el\u00e9ctrica apenas\u201d. El presidente cubano comparti\u00f3 una frase de admiraci\u00f3n: a pesar de todo, \u201call\u00ed estaban siempre, presentes, nuestros maestros\u201d.<\/p>\n<p>Tuvimos en esa ocasi\u00f3n una graduaci\u00f3n de m\u00e1s de 50 mil profesionales, varios de m\u00e1s de 60 pa\u00edses. El Jefe de Estado detall\u00f3 que, dentro de esa cifra, hubo graduaci\u00f3n de m\u00e9dicos palestinos, y que \u201ceso tambi\u00e9n est\u00e1 en consonancia con los principios que ustedes defienden de cooperaci\u00f3n internacional en el \u00e1mbito de la educaci\u00f3n, la ciencia y la cultura\u201d.<\/p>\n<p>Sobre los cursos escolares, el dignatario cont\u00f3 a Lidia Arthur Brito c\u00f3mo fue que la direcci\u00f3n del pa\u00eds pidi\u00f3 a los organismos formadores propuestas viables para estos tiempos: \u201cSab\u00edamos, dijo, que les est\u00e1bamos dando una tarea casi imposible; sin embargo, aparecieron con planteamientos muy novedosos\u201d.<\/p>\n<p>El Primer secretario del Comit\u00e9 Central del Partido Comunista de Cuba reflexion\u00f3: \u201cRealmente lo que se est\u00e1 haciendo contra Cuba es criminal, es un genocidio silencioso, solo comparable con lo que pasa en Gaza, todos los d\u00edas, ante los ojos del mundo\u201d. Y seguidamente enunci\u00f3 que la voluntad del pueblo cubano \u201ces seguir, no rendirnos\u201d.<\/p>\n<p>\u201cSabemos que la raz\u00f3n est\u00e1 de nuestra parte\u201d, recalc\u00f3 para luego destacar el valor de esta visita que hace llegar a la Mayor de las Antillas el acompa\u00f1amiento alentador de la UNESCO: \u201cUstedes nos han apoyado cada vez que hay una situaci\u00f3n con desastres naturales; la Oficina Regional juega un papel muy activo aqu\u00ed, est\u00e1 muy vinculada a los procesos que llevamos en el orden de la cultura, la ciencia y la educaci\u00f3n\u201d.<\/p>\n<p>\u201cHay varios eventos que se promueven desde la Oficina Regional aqu\u00ed en Cuba; y nosotros aprovechamos la ocasi\u00f3n de su visita para ratificarle que apoyamos todos los programas de la UNESCO; y desde nuestra Comisi\u00f3n Nacional y nuestra representaci\u00f3n en la UNESCO estaremos apoyando todo lo que ustedes hacen\u201d.<\/p>\n<p>Por su parte, la subdirectora general de Prioridad \u00c1frica y Relaciones Exteriores de la Organizaci\u00f3n de las Naciones Unidas para la Educaci\u00f3n, la Ciencia y la Cultura, extendi\u00f3 felicitaciones al jefe de Estado, y a la direcci\u00f3n del pa\u00eds, por \u201ctener la capacidad de, en situaciones muy dif\u00edciles para la educaci\u00f3n, conseguir cumplir con el plan de mantener el curso, tanto de educaci\u00f3n b\u00e1sica, general, como de Educaci\u00f3n Superior\u201d.<\/p>\n<p>Lidia Arthur Brito signific\u00f3 que esa realidad \u201cda aliento a los estudiantes, a las familias, a la sociedad, y es un ejemplo de resiliencia, que es muy importante\u201d. Seguidamente destac\u00f3 el \u201ccompromiso nuestro con Cuba\u201d; y habl\u00f3 de continuar trabajando, a trav\u00e9s de la Oficina Regional, para que el mandato de la UNESCO \u201cpueda ser el valor que se agregue al Gobierno, al pueblo cubano para continuar en su lucha y en su desarrollo\u201d.<\/p>\n<p>En la jornada de la tarde, por la parte cubana, tambi\u00e9n se encontraba presente el miembro del Bur\u00f3 Pol\u00edtico y ministro de Relaciones Exteriores de la Rep\u00fablica de Cuba, Bruno Rodr\u00edguez Parrilla; as\u00ed como otros integrantes de la Canciller\u00eda.<\/p>\n","protected":false},"excerpt":{"rendered":"<p>Un tono de cordialidad y comprensi\u00f3n mutua en cuanto a temas tan esenciales para la dignidad humana como el acceso a la educaci\u00f3n y a la cultura marc\u00f3 el encuentro sostenido entre el presidente de la Rep\u00fablica de Cuba, Miguel D\u00edaz-Canel Berm\u00fadez, y Lidia Arthur Brito, subdirectora general de Prioridad \u00c1frica y Relaciones Exteriores de la Organizaci\u00f3n de las Naciones Unidas para la Educaci\u00f3n, la Ciencia y la Cultura (UNESCO).<\/p>\n","protected":false},"author":124,"featured_media":79420,"comment_status":"open","ping_status":"open","sticky":false,"template":"","format":"standard","meta":{"_acf_changed":false,"footnotes":""},"categories":[8,3,6],"tags":[790,28],"coauthors":[1913],"class_list":["post-79419","post","type-post","status-publish","format-standard","has-post-thumbnail","hentry","category-noticia","category-cuba","category-cultura","tag-cuba-unesco","tag-miguel-diaz-canel"],"acf":[],"_links":{"self":[{"href":"https:\/\/www.radiosanctispiritus.cu\/es\/wp-json\/wp\/v2\/posts\/79419","targetHints":{"allow":["GET"]}}],"collection":[{"href":"https:\/\/www.radiosanctispiritus.cu\/es\/wp-json\/wp\/v2\/posts"}],"about":[{"href":"https:\/\/www.radiosanctispiritus.cu\/es\/wp-json\/wp\/v2\/types\/post"}],"author":[{"embeddable":true,"href":"https:\/\/www.radiosanctispiritus.cu\/es\/wp-json\/wp\/v2\/users\/124"}],"replies":[{"embeddable":true,"href":"https:\/\/www.radiosanctispiritus.cu\/es\/wp-json\/wp\/v2\/comments?post=79419"}],"version-history":[{"count":2,"href":"https:\/\/www.radiosanctispiritus.cu\/es\/wp-json\/wp\/v2\/posts\/79419\/revisions"}],"predecessor-version":[{"id":79422,"href":"https:\/\/www.radiosanctispiritus.cu\/es\/wp-json\/wp\/v2\/posts\/79419\/revisions\/79422"}],"wp:featuredmedia":[{"embeddable":true,"href":"https:\/\/www.radiosanctispiritus.cu\/es\/wp-json\/wp\/v2\/media\/79420"}],"wp:attachment":[{"href":"https:\/\/www.radiosanctispiritus.cu\/es\/wp-json\/wp\/v2\/media?parent=79419"}],"wp:term":[{"taxonomy":"category","embeddable":true,"href":"https:\/\/www.radiosanctispiritus.cu\/es\/wp-json\/wp\/v2\/categories?post=79419"},{"taxonomy":"post_tag","embeddable":true,"href":"https:\/\/www.radiosanctispiritus.cu\/es\/wp-json\/wp\/v2\/tags?post=79419"},{"taxonomy":"author","embeddable":true,"href":"https:\/\/www.radiosanctispiritus.cu\/es\/wp-json\/wp\/v2\/coauthors?post=79419"}],"curies":[{"name":"wp","href":"https:\/\/api.w.org\/{rel}","templated":true}]}}