{"id":79417,"date":"2026-09-05T06:18:57","date_gmt":"2026-09-05T10:18:57","guid":{"rendered":"https:\/\/www.radiosanctispiritus.cu\/es\/?p=79417"},"modified":"2026-09-05T06:18:57","modified_gmt":"2026-09-05T10:18:57","slug":"hodelin-solo-salto-una-vez-en-la-final-de-la-liga-del-diamante","status":"publish","type":"post","link":"https:\/\/www.radiosanctispiritus.cu\/es\/hodelin-solo-salto-una-vez-en-la-final-de-la-liga-del-diamante\/","title":{"rendered":"Hodel\u00edn solo salt\u00f3 una vez en la final de la Liga del Diamante"},"content":{"rendered":"<p>El espirituano Jorge Hodel\u00edn, recordista mundial juvenil en el salto de longitud, registr\u00f3 una corta actuaci\u00f3n este viernes en la final de la Liga del Diamante, con sede en Bruselas, B\u00e9lgica, que le impidi\u00f3 mantener el buen paso conseguido en presentaciones previas del prestigioso certamen.<\/p>\n<p>La joven promesa, recientemente titular de los Juegos Centroamericanos y del Caribe de Santo Domingo 2026, solo ejecut\u00f3 un salto de 8,06 metros y abandon\u00f3 la prueba, al parecer aquejado de alguna molestia, de acuerdo con el reporte de la Agencia Cubana de Noticias.<\/p>\n<p>El jamaicano Tajay Gayle lider\u00f3 con 8,46 metros para llevarse el segundo diamante de su vida. Los otros en el podio fueron el girego Miltiadis Tentoglou (8,40) \u2013favorito de muchos- y el suizo Simon Ehammer (8,23).<\/p>\n<p>Por su parte, la cubana Leyanis P\u00e9rez logr\u00f3 en el propio certamen un buen registro de 14,82 metros, pero no pudo retener la corona del salto triple.<\/p>\n<p>Ganadora de la joya en las dos \u00faltimas temporadas, Leyanis marc\u00f3 este viernes otros dos saltos de 14,79 y 14,78 metros, pero ninguno era suficiente para dominar la prueba porque la senegalesa Saly Sarr estaba en una noche inspirada y negoci\u00f3 lo mejor entre las siete concursantes: 14,96 metros.<\/p>\n<p>Leyanis, campeona mundial al aire libre y bajo techo, adem\u00e1s de reciente reina en los Juegos Centroamericanos y del Caribe de Santo Domingo 2026 tiene como tope personal del a\u00f1o los 15,06 metros con que gan\u00f3 en la fase de M\u00f3naco el pasado 10 de julio.<\/p>\n<p>Sarr contaba tambi\u00e9n con un aval que le situaba entre las favoritas, pues a los 28 puntos acumulados para liderar el ranking a\u00f1ad\u00eda que el 23 de agosto brill\u00f3 en la parada de Silesia con 15,08 metros, anotados como marca personal.<\/p>\n<p>La cubana Davisleydi Velazco, quien volver\u00e1 a competir por la federaci\u00f3n de la Isla dentro de apenas seis d\u00edas en el novedoso Ultimate Championship , complet\u00f3 ahora el podio con 14,73 metros.<\/p>\n<p>Liadagmis Povea, la otra cubana en la noche de Bruselas, qued\u00f3 sexta luego de una discreta marca de 14,08 metros.<\/p>\n<p>Este s\u00e1bado se completar\u00e1 el reparto de los premios y entre los que optan por ellos estar\u00e1n el triplista L\u00e1zaro Mart\u00ednez y la corredora de 400 metros Roxana G\u00f3mez.<\/p>\n","protected":false},"excerpt":{"rendered":"<p>El espirituano Jorge Hodel\u00edn, recordista mundial juvenil en el salto de longitud, registr\u00f3 una corta actuaci\u00f3n este viernes en la final de la Liga del Diamante, con sede en Bruselas, B\u00e9lgica, que le impidi\u00f3 mantener el buen paso conseguido en presentaciones previas del prestigioso certamen. La joven promesa, recientemente titular de los Juegos Centroamericanos y [&hellip;]<\/p>\n","protected":false},"author":4,"featured_media":71512,"comment_status":"open","ping_status":"open","sticky":false,"template":"","format":"standard","meta":{"_acf_changed":false,"footnotes":""},"categories":[7,8,1],"tags":[105,2188],"coauthors":[1883],"class_list":["post-79417","post","type-post","status-publish","format-standard","has-post-thumbnail","hentry","category-deporte","category-noticia","category-sancti-spiritus","tag-atletismo","tag-jorge-hodelin"],"acf":[],"_links":{"self":[{"href":"https:\/\/www.radiosanctispiritus.cu\/es\/wp-json\/wp\/v2\/posts\/79417","targetHints":{"allow":["GET"]}}],"collection":[{"href":"https:\/\/www.radiosanctispiritus.cu\/es\/wp-json\/wp\/v2\/posts"}],"about":[{"href":"https:\/\/www.radiosanctispiritus.cu\/es\/wp-json\/wp\/v2\/types\/post"}],"author":[{"embeddable":true,"href":"https:\/\/www.radiosanctispiritus.cu\/es\/wp-json\/wp\/v2\/users\/4"}],"replies":[{"embeddable":true,"href":"https:\/\/www.radiosanctispiritus.cu\/es\/wp-json\/wp\/v2\/comments?post=79417"}],"version-history":[{"count":1,"href":"https:\/\/www.radiosanctispiritus.cu\/es\/wp-json\/wp\/v2\/posts\/79417\/revisions"}],"predecessor-version":[{"id":79418,"href":"https:\/\/www.radiosanctispiritus.cu\/es\/wp-json\/wp\/v2\/posts\/79417\/revisions\/79418"}],"wp:featuredmedia":[{"embeddable":true,"href":"https:\/\/www.radiosanctispiritus.cu\/es\/wp-json\/wp\/v2\/media\/71512"}],"wp:attachment":[{"href":"https:\/\/www.radiosanctispiritus.cu\/es\/wp-json\/wp\/v2\/media?parent=79417"}],"wp:term":[{"taxonomy":"category","embeddable":true,"href":"https:\/\/www.radiosanctispiritus.cu\/es\/wp-json\/wp\/v2\/categories?post=79417"},{"taxonomy":"post_tag","embeddable":true,"href":"https:\/\/www.radiosanctispiritus.cu\/es\/wp-json\/wp\/v2\/tags?post=79417"},{"taxonomy":"author","embeddable":true,"href":"https:\/\/www.radiosanctispiritus.cu\/es\/wp-json\/wp\/v2\/coauthors?post=79417"}],"curies":[{"name":"wp","href":"https:\/\/api.w.org\/{rel}","templated":true}]}}