{"id":79413,"date":"2026-09-04T19:51:00","date_gmt":"2026-09-04T23:51:00","guid":{"rendered":"https:\/\/www.radiosanctispiritus.cu\/es\/?p=79413"},"modified":"2026-09-04T19:51:00","modified_gmt":"2026-09-04T23:51:00","slug":"pensar-en-colectivo-o-decidir-sin-el-criterio-de-los-demas-4-09-2026","status":"publish","type":"post","link":"https:\/\/www.radiosanctispiritus.cu\/es\/pensar-en-colectivo-o-decidir-sin-el-criterio-de-los-demas-4-09-2026\/","title":{"rendered":"\u00bfPensar en colectivo o decidir sin el criterio de los dem\u00e1s? | 4.09.2026"},"content":{"rendered":"","protected":false},"excerpt":{"rendered":"<p>Sobre el pensamiento colectivo para poder llegar a consensos hablamos en esta emisi\u00f3n. Aprovechamos tambi\u00e9n para hablar y escuchar a Dyango con sus temas m\u00e1s exitosos junto a otros artistas en versiones recientes.<\/p>\n","protected":false},"author":192,"featured_media":79414,"comment_status":"open","ping_status":"open","sticky":false,"template":"","format":"audio","meta":{"_acf_changed":false,"footnotes":""},"categories":[2176,1145],"tags":[2181],"coauthors":[1986],"class_list":["post-79413","post","type-post","status-publish","format-audio","has-post-thumbnail","hentry","category-la-otra-esquina-podcast","category-podcast","tag-la-otra-esquina","post_format-post-format-audio"],"acf":[],"_links":{"self":[{"href":"https:\/\/www.radiosanctispiritus.cu\/es\/wp-json\/wp\/v2\/posts\/79413","targetHints":{"allow":["GET"]}}],"collection":[{"href":"https:\/\/www.radiosanctispiritus.cu\/es\/wp-json\/wp\/v2\/posts"}],"about":[{"href":"https:\/\/www.radiosanctispiritus.cu\/es\/wp-json\/wp\/v2\/types\/post"}],"author":[{"embeddable":true,"href":"https:\/\/www.radiosanctispiritus.cu\/es\/wp-json\/wp\/v2\/users\/192"}],"replies":[{"embeddable":true,"href":"https:\/\/www.radiosanctispiritus.cu\/es\/wp-json\/wp\/v2\/comments?post=79413"}],"version-history":[{"count":2,"href":"https:\/\/www.radiosanctispiritus.cu\/es\/wp-json\/wp\/v2\/posts\/79413\/revisions"}],"predecessor-version":[{"id":79416,"href":"https:\/\/www.radiosanctispiritus.cu\/es\/wp-json\/wp\/v2\/posts\/79413\/revisions\/79416"}],"wp:featuredmedia":[{"embeddable":true,"href":"https:\/\/www.radiosanctispiritus.cu\/es\/wp-json\/wp\/v2\/media\/79414"}],"wp:attachment":[{"href":"https:\/\/www.radiosanctispiritus.cu\/es\/wp-json\/wp\/v2\/media?parent=79413"}],"wp:term":[{"taxonomy":"category","embeddable":true,"href":"https:\/\/www.radiosanctispiritus.cu\/es\/wp-json\/wp\/v2\/categories?post=79413"},{"taxonomy":"post_tag","embeddable":true,"href":"https:\/\/www.radiosanctispiritus.cu\/es\/wp-json\/wp\/v2\/tags?post=79413"},{"taxonomy":"author","embeddable":true,"href":"https:\/\/www.radiosanctispiritus.cu\/es\/wp-json\/wp\/v2\/coauthors?post=79413"}],"curies":[{"name":"wp","href":"https:\/\/api.w.org\/{rel}","templated":true}]}}