{"id":79410,"date":"2026-09-04T18:25:21","date_gmt":"2026-09-04T22:25:21","guid":{"rendered":"https:\/\/www.radiosanctispiritus.cu\/es\/?p=79410"},"modified":"2026-09-04T18:25:21","modified_gmt":"2026-09-04T22:25:21","slug":"preparacion-del-pueblo-para-la-defensa-sigue-siendo-una-prioridad-asegura-diaz-canel","status":"publish","type":"post","link":"https:\/\/www.radiosanctispiritus.cu\/es\/preparacion-del-pueblo-para-la-defensa-sigue-siendo-una-prioridad-asegura-diaz-canel\/","title":{"rendered":"Preparaci\u00f3n del pueblo para la defensa sigue siendo una prioridad, asegura D\u00edaz-Canel"},"content":{"rendered":"<p>La preparaci\u00f3n del pueblo para la defensa sigue siendo una actividad de una enorme prioridad, ratific\u00f3 el Presidente del Consejo de Defensa Nacional, Miguel D\u00edaz-Canel Bermudez, en el D\u00eda Nacional de la Defensa correspondiente a esta semana.<\/p>\n<p>El Primer Secretario del Comit\u00e9 Central del Partido y Presidente de la Rep\u00fablica particip\u00f3 en la ma\u00f1ana de este viernes en las acciones de preparaci\u00f3n del Consejo de Defensa de Zona (CDZ) de Casablanca, del municipio de Regla, donde denunci\u00f3 las m\u00e1s recientes sanciones adoptadas por el gobierno de Estados Unidos contra la naci\u00f3n cubana.<\/p>\n<p>Son sanciones, reiter\u00f3,\u00a0 que tienen que ver mucho con los planteamientos que en otros momentos han hecho el Presidente de los Estados Unidos y el Secretario de Estado; uno cuando dijo que a Cuba ya solo faltaba arrasarla, porque nos hab\u00edan llevado a una posici\u00f3n de m\u00e1xima presi\u00f3n con las medidas; y el otro que constantemente ha estado diciendo que todas las v\u00e1lvulas de escape de Cuba se van a estar cerrando.<\/p>\n<p>Son declaraciones, se\u00f1al\u00f3 D\u00edaz-Canel, con las que recuerdan que hay una persecuci\u00f3n a toda nuestra entidad econ\u00f3mica, a toda nuestra entidad financiera y a todo lo que se va implementando en el pa\u00eds en funci\u00f3n de enfrentar esta situaci\u00f3n.<\/p>\n<p>Ante estas agresiones, el Presidente del Consejo de Defensa Nacional (CDN) resalt\u00f3 la labor que se ha estado haciendo en los \u00faltimos meses en funci\u00f3n de la defensa de la patria a todos los niveles, y en especial en las zonas de defensa.<\/p>\n<p>En el CDZ de Casablanca, el compa\u00f1ero D\u00edaz-Canel Berm\u00fadez estuvo acompa\u00f1ado por los miembros de Bur\u00f3 Pol\u00edtico, Esteban Lazo Hern\u00e1ndez, presidente de la Asamblea Nacional; Roberto Morales Ojeda, secretario de Organizaci\u00f3n del Comit\u00e9 Central; los generales de Cuerpo de Ej\u00e9rcito, \u00c1lvaro L\u00f3pez Miera, ministro de las FAR, y Lazaro Alberto \u00c1lvarez Casas, titular del Minint; y el general de Divisi\u00f3n Amado Ricardo Guerra, secretario del Consejo de Ministros.<\/p>\n<p>Tambi\u00e9n participaron el general de Divisi\u00f3n Ernest Feij\u00f3o Eir\u00f3, jefe del Ej\u00e9rcito Occidental; integrantes del Consejo de Defensa Provincial de La Habana, del Consejo de Defensa del municipio de Regla y del Consejo de Defensa de Zona, y otros jefes y oficiales.<\/p>\n<p>El compa\u00f1ero Johannes Mili\u00e1n Morales, presidente del CDZ en esta ultramarina barriada, inform\u00f3 que en el territorio, de apenas 2,9 kil\u00f3mentros cuadrados, residen m\u00e1s de diez mil personas.<\/p>\n<p>En la presentaci\u00f3n, Mili\u00e1n Morales hizo una caracterizaci\u00f3n de la zona de defensa, sus estructuras y sus fuerzas y medios, entre otras tareas. Especial atenci\u00f3n prest\u00f3 a la organizaci\u00f3n del aviso y la protecci\u00f3n de la poblaci\u00f3n, el n\u00famero de personas a proteger y la preparaci\u00f3n de las brigadas de producci\u00f3n y defensa, tanto en las comunidades como en los centros econ\u00f3micos y sociales, entre otros detalles.<\/p>\n<p>Adem\u00e1s de las actividades espec\u00edficas para la defensa, el Presidente del CDZ de Casablanca abord\u00f3 las proyecciones de la zona en la implementaci\u00f3n de las 176 medidas del Programa de Transformaci\u00f3n Econ\u00f3mica y Social en esta zona de defensa.<\/p>\n<p><strong>Con la participaci\u00f3n del pueblo<\/strong><\/p>\n<p>Al evaluar el trabajo que se realiza en Casablanca, como en el resto del pa\u00eds, el Presidente del CDN, Miguel D\u00edaz-Canel Berm\u00fadez, indic\u00f3 que todo este esfuerzo hay que apoyarlo con la movilizaci\u00f3n pol\u00edtica, el trabajo pol\u00edtico e ideol\u00f3gico con la poblaci\u00f3n y su participaci\u00f3n en las principales tareas y prioridades que se est\u00e1n atendiendo hoy en el pa\u00eds.<\/p>\n<p>\u201cEn la econom\u00eda, refiri\u00f3, trabajar en la implementaci\u00f3n de las transformaciones, que es el reto fundamental que tenemos ahora\u201d.<\/p>\n<p>Explic\u00f3 que estas ya se han discutido a nivel de organizaciones de base del Partido, y que ahora viene una etapa decisiva, su discusi\u00f3n con los trabajadores y con las personas en la comunidad; o sea, las personas que no est\u00e1n vinculadas a centros de producci\u00f3n y servicios o que no est\u00e1n vinculadas a las organizaciones de base del Partido, pero que est\u00e1n en las comunidades.<\/p>\n<p>Sobre la relevancia de estos debates a todos los niveles y en todos los lugares, reflexion\u00f3 el Primer Secretario del Partido y Presidente de la Rep\u00fablica, quien se\u00f1al\u00f3 que si el pueblo no defiende las transformaciones va a ser muy poco probable que se implementen seg\u00fan todo lo que est\u00e1 previsto.<\/p>\n<p>Las transformaciones son adem\u00e1s \u2013argument\u00f3- \u201cun proceso de construcci\u00f3n sistem\u00e1tica, de perfeccionamiento continuo, por lo tanto (en su debate) van a salir muchas ideas nuevas de la poblaci\u00f3n, van a salir tambi\u00e9n, en la implementaci\u00f3n, determinadas deformidades que habr\u00e1 que corregir, y eso tiene que ver mucho con el aporte y la participaci\u00f3n en las transformaciones\u201d.<\/p>\n<p>Al comentar las acciones que se est\u00e1n realizando para atender las problem\u00e1ticas que afectan a la poblaci\u00f3n, D\u00edaz-Canel Berm\u00fadez enfatiz\u00f3 que este es un proceso que hay que continuar perfeccionando, aprovechando la estrategia del pa\u00eds de trabajar con las estructuras de tiempo de guerra en tiempo de paz.<\/p>\n<p>\u201cLos consejos de defensa provinciales, municipales y de zona se han convertido hoy en el eje donde se hacen los principales an\u00e1lisis y se toman las principales decisiones, tanto en el orden pol\u00edtico e ideol\u00f3gico, como en el orden econ\u00f3mico y social\u201d.<\/p>\n<p>Retomando las tareas que se desarrollan en los CDZ en funci\u00f3n de la defensa, el mandatario insisti\u00f3 en la importancia de la protecci\u00f3n a la poblaci\u00f3n, que tiene que saber \u2013remarc\u00f3- a qu\u00e9 lugares tiene que ir a protegerse, c\u00f3mo se llega all\u00ed, c\u00f3mo se evac\u00faan a los ancianos, a los ni\u00f1os y dem\u00e1s personas a proteger, lo cual exige un grupo de acciones para prepararlos.<\/p>\n<p><strong>(Tomado de <a href=\"https:\/\/www.presidencia.gob.cu\/es\/noticias\/la-preparacion-del-pueblo-para-la-defensa-sigue-siendo-prioridad\/\" target=\"_blank\" rel=\"noreferrer noopener\">Presidencia de Cuba<\/a>)<\/strong><\/p>\n","protected":false},"excerpt":{"rendered":"<p>La preparaci\u00f3n del pueblo para la defensa sigue siendo una actividad de una enorme prioridad, ratific\u00f3 el Presidente del Consejo de Defensa Nacional, Miguel D\u00edaz-Canel Bermudez, en el D\u00eda Nacional de la Defensa correspondiente a esta semana.<\/p>\n","protected":false},"author":26,"featured_media":79411,"comment_status":"open","ping_status":"open","sticky":false,"template":"","format":"standard","meta":{"_acf_changed":false,"footnotes":""},"categories":[8,3],"tags":[2088,528,1229,28],"coauthors":[1887],"class_list":["post-79410","post","type-post","status-publish","format-standard","has-post-thumbnail","hentry","category-noticia","category-cuba","tag-consejo-de-defensa-nacional","tag-defensa","tag-dia-de-la-defensa","tag-miguel-diaz-canel"],"acf":[],"_links":{"self":[{"href":"https:\/\/www.radiosanctispiritus.cu\/es\/wp-json\/wp\/v2\/posts\/79410","targetHints":{"allow":["GET"]}}],"collection":[{"href":"https:\/\/www.radiosanctispiritus.cu\/es\/wp-json\/wp\/v2\/posts"}],"about":[{"href":"https:\/\/www.radiosanctispiritus.cu\/es\/wp-json\/wp\/v2\/types\/post"}],"author":[{"embeddable":true,"href":"https:\/\/www.radiosanctispiritus.cu\/es\/wp-json\/wp\/v2\/users\/26"}],"replies":[{"embeddable":true,"href":"https:\/\/www.radiosanctispiritus.cu\/es\/wp-json\/wp\/v2\/comments?post=79410"}],"version-history":[{"count":1,"href":"https:\/\/www.radiosanctispiritus.cu\/es\/wp-json\/wp\/v2\/posts\/79410\/revisions"}],"predecessor-version":[{"id":79412,"href":"https:\/\/www.radiosanctispiritus.cu\/es\/wp-json\/wp\/v2\/posts\/79410\/revisions\/79412"}],"wp:featuredmedia":[{"embeddable":true,"href":"https:\/\/www.radiosanctispiritus.cu\/es\/wp-json\/wp\/v2\/media\/79411"}],"wp:attachment":[{"href":"https:\/\/www.radiosanctispiritus.cu\/es\/wp-json\/wp\/v2\/media?parent=79410"}],"wp:term":[{"taxonomy":"category","embeddable":true,"href":"https:\/\/www.radiosanctispiritus.cu\/es\/wp-json\/wp\/v2\/categories?post=79410"},{"taxonomy":"post_tag","embeddable":true,"href":"https:\/\/www.radiosanctispiritus.cu\/es\/wp-json\/wp\/v2\/tags?post=79410"},{"taxonomy":"author","embeddable":true,"href":"https:\/\/www.radiosanctispiritus.cu\/es\/wp-json\/wp\/v2\/coauthors?post=79410"}],"curies":[{"name":"wp","href":"https:\/\/api.w.org\/{rel}","templated":true}]}}