{"id":79407,"date":"2026-09-04T18:00:37","date_gmt":"2026-09-04T22:00:37","guid":{"rendered":"https:\/\/www.radiosanctispiritus.cu\/es\/?p=79407"},"modified":"2026-09-04T18:00:37","modified_gmt":"2026-09-04T22:00:37","slug":"cuba-avanza-en-sus-transformaciones-economicas-y-sociales","status":"publish","type":"post","link":"https:\/\/www.radiosanctispiritus.cu\/es\/cuba-avanza-en-sus-transformaciones-economicas-y-sociales\/","title":{"rendered":"Cuba avanza en sus transformaciones econ\u00f3micas y sociales"},"content":{"rendered":"<p>Los decretos leyes \u00abDel Fortalecimiento del Trabajo Social\u00bb, \u00abDe la Contrataci\u00f3n de Trabajadores para Realizar Labores Administrativas, T\u00e9cnicas o de Servicios a Representaciones Extranjeras\u00bb y \u00abDe Petr\u00f3leo y Gas\u00bb fueron aprobados este 3 de septiembre, como parte del proceso de implementaci\u00f3n de las transformaciones econ\u00f3micas y sociales en el pa\u00eds, durante la sesi\u00f3n extraordinaria del Consejo de Estado encabezada por el presidente de este \u00f3rgano, Esteban Lazo Hern\u00e1ndez.<\/p>\n<p>La primera de estas disposiciones normativas tiene por objeto regular el sistema del trabajo social para jerarquizar su labor, articulaci\u00f3n intersectorial y capacidad de incidencia en el dise\u00f1o, seguimiento y evaluaci\u00f3n de las pol\u00edticas sociales.<\/p>\n<p>Adem\u00e1s, permiten establecer los principios, estructuras organizativas, funciones y procedimientos que garanticen el adecuado ejercicio de la profesi\u00f3n, el bienestar de los ciudadanos y la eficiencia en la prestaci\u00f3n de los servicios sociales en inter\u00e9s de lograr la equidad y la justicia social, seg\u00fan explic\u00f3 el ministro de Trabajo y Seguridad Social, Jes\u00fas Otamendiz Campos.<\/p>\n<p>En el debate de este tema, Esteban Lazo reconoci\u00f3 que esta normativa constituye otra muestra del car\u00e1cter social de las transformaciones; as\u00ed como los miembros del Consejo de Estado destacaron el importante papel de los trabajadores sociales en el barrio y la comunidad, y de su labor humanista, quienes fueron calificados por el Comandante en Jefe Fidel Castro Ruz como m\u00e9dicos del alma.<\/p>\n<p>De ah\u00ed que fortalecer el trabajo social, con un enfoque proactivo y preventivo, con \u00e9nfasis en el municipio, el consejo popular y la circunscripci\u00f3n, contin\u00fae siendo una prioridad en este tema.<\/p>\n<p>En correspondencia con las transformaciones econ\u00f3micas y sociales aprobadas, el segundo decreto ley emitido por el Consejo de Estado garantiza que la contrataci\u00f3n de trabajadores para realizar labores administrativas, t\u00e9cnicas o de servicios, incluyendo las dom\u00e9sticas, a las representaciones comerciales extranjeras establecidas en el territorio nacional se efect\u00fae directamente por estas o mediante entidades empleadoras autorizadas.<\/p>\n<p>El decreto ley \u00abDe Petr\u00f3leo y Gas\u00bb permite actualizar el marco legal a fin de establecer el r\u00e9gimen jur\u00eddico de las actividades petroleras que comprenden la exploraci\u00f3n, explotaci\u00f3n, refinaci\u00f3n, transportaci\u00f3n, almacenamiento, comercializaci\u00f3n del petr\u00f3leo, el gas y los productos derivados, tanto en zonas terrestres como debajo del lecho marino, correspondiente a la plataforma continental y la Zona Econ\u00f3mica Exclusiva de la Rep\u00fablica de Cuba con el fin de garantizar la producci\u00f3n y el uso eficiente, sostenible y seguro de estos recursos, y contribuir al logro de la soberan\u00eda energ\u00e9tica del pa\u00eds y con ello al bienestar de nuestra sociedad.<\/p>\n<p>Las tres normativas aprobadas ser\u00e1n publicadas en la Gaceta Oficial de la Rep\u00fablica para general conocimiento de la ciudadan\u00eda.<\/p>\n<p>Por \u00faltimo, en la sesi\u00f3n extraordinaria del Consejo de Estado, se inform\u00f3 respecto a la marcha del proceso legislativo desarrollado como parte de la implementaci\u00f3n de las transformaciones econ\u00f3micas y sociales.<\/p>\n<p>&nbsp;<\/p>\n","protected":false},"excerpt":{"rendered":"<p>Tres nuevos decretos leyes fueron aprobados como parte del proceso de implementaci\u00f3n de las transformaciones econ\u00f3micas y sociales en el pa\u00eds, durante la sesi\u00f3n extraordinaria del Consejo de Estado.<\/p>\n","protected":false},"author":26,"featured_media":79408,"comment_status":"open","ping_status":"open","sticky":false,"template":"","format":"standard","meta":{"_acf_changed":false,"footnotes":""},"categories":[8,3,16],"tags":[366,3320,61,150,3091,3139],"coauthors":[1887],"class_list":["post-79407","post","type-post","status-publish","format-standard","has-post-thumbnail","hentry","category-noticia","category-cuba","category-economia","tag-consejo-de-estado","tag-decretos-leyes","tag-esteban-lazo","tag-petroleo","tag-trabajores-sociales","tag-transformaciones-economicas-y-sociales"],"acf":[],"_links":{"self":[{"href":"https:\/\/www.radiosanctispiritus.cu\/es\/wp-json\/wp\/v2\/posts\/79407","targetHints":{"allow":["GET"]}}],"collection":[{"href":"https:\/\/www.radiosanctispiritus.cu\/es\/wp-json\/wp\/v2\/posts"}],"about":[{"href":"https:\/\/www.radiosanctispiritus.cu\/es\/wp-json\/wp\/v2\/types\/post"}],"author":[{"embeddable":true,"href":"https:\/\/www.radiosanctispiritus.cu\/es\/wp-json\/wp\/v2\/users\/26"}],"replies":[{"embeddable":true,"href":"https:\/\/www.radiosanctispiritus.cu\/es\/wp-json\/wp\/v2\/comments?post=79407"}],"version-history":[{"count":1,"href":"https:\/\/www.radiosanctispiritus.cu\/es\/wp-json\/wp\/v2\/posts\/79407\/revisions"}],"predecessor-version":[{"id":79409,"href":"https:\/\/www.radiosanctispiritus.cu\/es\/wp-json\/wp\/v2\/posts\/79407\/revisions\/79409"}],"wp:featuredmedia":[{"embeddable":true,"href":"https:\/\/www.radiosanctispiritus.cu\/es\/wp-json\/wp\/v2\/media\/79408"}],"wp:attachment":[{"href":"https:\/\/www.radiosanctispiritus.cu\/es\/wp-json\/wp\/v2\/media?parent=79407"}],"wp:term":[{"taxonomy":"category","embeddable":true,"href":"https:\/\/www.radiosanctispiritus.cu\/es\/wp-json\/wp\/v2\/categories?post=79407"},{"taxonomy":"post_tag","embeddable":true,"href":"https:\/\/www.radiosanctispiritus.cu\/es\/wp-json\/wp\/v2\/tags?post=79407"},{"taxonomy":"author","embeddable":true,"href":"https:\/\/www.radiosanctispiritus.cu\/es\/wp-json\/wp\/v2\/coauthors?post=79407"}],"curies":[{"name":"wp","href":"https:\/\/api.w.org\/{rel}","templated":true}]}}