{"id":79378,"date":"2026-09-04T18:05:47","date_gmt":"2026-09-04T22:05:47","guid":{"rendered":"https:\/\/www.radiosanctispiritus.cu\/es\/?p=79378"},"modified":"2026-09-04T16:32:45","modified_gmt":"2026-09-04T20:32:45","slug":"reconocen-en-yaguajay-relevancia-del-periodo-de-adiestramiento-para-recien-graduados","status":"publish","type":"post","link":"https:\/\/www.radiosanctispiritus.cu\/es\/reconocen-en-yaguajay-relevancia-del-periodo-de-adiestramiento-para-recien-graduados\/","title":{"rendered":"Reconocen en Yaguajay relevancia del periodo de adiestramiento para reci\u00e9n graduados"},"content":{"rendered":"<p>La ubicaci\u00f3n laboral de los reci\u00e9n graduados de Yaguajay en su etapa de adiestramiento constituye hoy una prioridad en el contexto socioecon\u00f3mico y demogr\u00e1fico actual, aun cuando se atraviesa por cambios en los ministerios y la posibilidad de reducir plazas debido a la crisis energ\u00e9tica.<\/p>\n<p>Seg\u00fan declar\u00f3 a la radio, la especialista principal de la Subdirecci\u00f3n de Empleo en el referido organismo, Ludmila Moreno Morales, a pesar del proceso de discusi\u00f3n y cambios estructurales que se establecen en las diversas carteras a nivel nacional, adem\u00e1s de las reducciones de puestos laborales previstas, los j\u00f3venes egresados deben cubrir con obligatoriedad los dos o tres a\u00f1os de servicio social para asegurar su t\u00edtulo universitario.<\/p>\n<p>Agreg\u00f3 la funcionaria que estos profesionales noveles no pueden estar en la calle, pues ello conlleva la p\u00e9rdida de fuerza de trabajo calificada, lo cual va en contra de la demanda del pa\u00eds y de paso de las diferentes entidades y organismos del norte espirituano que mediante pedidos realizan demanda de la mano de obra profesional que les resulta necesaria.<\/p>\n<p>Finaliz\u00f3 Moreno Morales resaltando que los adiestrados necesitan el acompa\u00f1amiento de trabajadores y directivos del centro que los recibe y que se establezca un calendario o cronograma de adiestramiento bien estructurado para que venzan todos los par\u00e1metros que abarcan sus deberes y tareas. as\u00ed como que constituyen ellos el relevo generacional de la mano de obra local en un municipio con una alta tasa de envejecimiento poblacional y baja en cuanto a la natalidad. Resaltan importancia de adiestrados en sociedad y econom\u00eda de Yaguajay.<\/p>\n<p><iframe src=\"https:\/\/www.ivoox.com\/player_ej_180039396_6_1.html?c1=84140c\" width=\"100%\" height=\"200\" frameborder=\"0\" scrolling=\"no\" allowfullscreen=\"allowfullscreen\"><\/iframe>0 5<\/p>\n","protected":false},"excerpt":{"rendered":"<p>La ubicaci\u00f3n laboral de los reci\u00e9n graduados de Yaguajay en su etapa de adiestramiento constituye hoy una prioridad en el contexto socioecon\u00f3mico y demogr\u00e1fico actual, aun cuando se atraviesa por cambios en los ministerios y la posibilidad de reducir plazas debido a la crisis energ\u00e9tica. Seg\u00fan declar\u00f3 a la radio, la especialista principal de la [&hellip;]<\/p>\n","protected":false},"author":146,"featured_media":74742,"comment_status":"open","ping_status":"open","sticky":false,"template":"","format":"standard","meta":{"_acf_changed":false,"footnotes":""},"categories":[14,9],"tags":[],"coauthors":[1922],"class_list":["post-79378","post","type-post","status-publish","format-standard","has-post-thumbnail","hentry","category-educacion","category-en-audio"],"acf":[],"_links":{"self":[{"href":"https:\/\/www.radiosanctispiritus.cu\/es\/wp-json\/wp\/v2\/posts\/79378","targetHints":{"allow":["GET"]}}],"collection":[{"href":"https:\/\/www.radiosanctispiritus.cu\/es\/wp-json\/wp\/v2\/posts"}],"about":[{"href":"https:\/\/www.radiosanctispiritus.cu\/es\/wp-json\/wp\/v2\/types\/post"}],"author":[{"embeddable":true,"href":"https:\/\/www.radiosanctispiritus.cu\/es\/wp-json\/wp\/v2\/users\/146"}],"replies":[{"embeddable":true,"href":"https:\/\/www.radiosanctispiritus.cu\/es\/wp-json\/wp\/v2\/comments?post=79378"}],"version-history":[{"count":3,"href":"https:\/\/www.radiosanctispiritus.cu\/es\/wp-json\/wp\/v2\/posts\/79378\/revisions"}],"predecessor-version":[{"id":79387,"href":"https:\/\/www.radiosanctispiritus.cu\/es\/wp-json\/wp\/v2\/posts\/79378\/revisions\/79387"}],"wp:featuredmedia":[{"embeddable":true,"href":"https:\/\/www.radiosanctispiritus.cu\/es\/wp-json\/wp\/v2\/media\/74742"}],"wp:attachment":[{"href":"https:\/\/www.radiosanctispiritus.cu\/es\/wp-json\/wp\/v2\/media?parent=79378"}],"wp:term":[{"taxonomy":"category","embeddable":true,"href":"https:\/\/www.radiosanctispiritus.cu\/es\/wp-json\/wp\/v2\/categories?post=79378"},{"taxonomy":"post_tag","embeddable":true,"href":"https:\/\/www.radiosanctispiritus.cu\/es\/wp-json\/wp\/v2\/tags?post=79378"},{"taxonomy":"author","embeddable":true,"href":"https:\/\/www.radiosanctispiritus.cu\/es\/wp-json\/wp\/v2\/coauthors?post=79378"}],"curies":[{"name":"wp","href":"https:\/\/api.w.org\/{rel}","templated":true}]}}