{"id":79377,"date":"2026-09-04T18:10:55","date_gmt":"2026-09-04T22:10:55","guid":{"rendered":"https:\/\/www.radiosanctispiritus.cu\/es\/?p=79377"},"modified":"2026-09-04T16:32:06","modified_gmt":"2026-09-04T20:32:06","slug":"trabajo-comunitario-integrado-retoca-instituciones-educacionales-en-casilda","status":"publish","type":"post","link":"https:\/\/www.radiosanctispiritus.cu\/es\/trabajo-comunitario-integrado-retoca-instituciones-educacionales-en-casilda\/","title":{"rendered":"Trabajo comunitario integrado retoca instituciones educacionales en Casilda"},"content":{"rendered":"<div class=\"x14z9mp xat24cr x1lziwak x1vvkbs xtlvy1s x126k92a\">\n<div dir=\"auto\">La huella del Trabajo Comunitario Integrado se revela a primera vista en las 3 instituciones educaciones enclavadas en el Consejo Popular Casilda las cuales recibieron significativas mejoras constructivas de cara al per\u00edodo lectivo 2026 -2027.<\/div>\n<\/div>\n<div class=\"x14z9mp xat24cr x1lziwak x1vvkbs xtlvy1s x126k92a\">\n<div dir=\"auto\"><\/div>\n<div dir=\"auto\">Es as\u00ed como el C\u00edrculo Infantil Sue\u00f1os Marinos, la escuela primaria Mario Guerra Landestoy y la secundaria b\u00e1sica urbana Victoriano Brito Prieto abrieron las puertas de la fiesta del saber a educandos, docentes y familia con una imagen renovada.<\/div>\n<\/div>\n<div class=\"x14z9mp xat24cr x1lziwak x1vvkbs xtlvy1s x126k92a\">\n<div dir=\"auto\"><\/div>\n<div dir=\"auto\">Desde la Capitan\u00eda del Puerto de Casilda donde radican las tropas guardafronteras se gener\u00f3 la iniciativa que de inmediato hall\u00f3 respuestas en la Sucursal TRANSTUR Trinidad, EMPRESTUR, la Comercializadora ITH, la Base que acoge a quienes ejercen la pesca Comercial no estatal , PESCASILDA, y cuentapropistas.<\/div>\n<\/div>\n<div class=\"x14z9mp xat24cr x1lziwak x1vvkbs xtlvy1s x126k92a\">\n<div dir=\"auto\"><\/div>\n<div dir=\"auto\"><img decoding=\"async\" class=\"aligncenter size-full wp-image-79393\" src=\"https:\/\/www.radiosanctispiritus.cu\/es\/wp-content\/uploads\/casilda1.jpg\" alt=\"\" width=\"443\" height=\"590\" \/>Con la voluntad fusionada de estos organismos , instituciones , y las nuevas formas de gesti\u00f3n econ\u00f3mica radicados en el Consejo Popular Casilda se logr\u00f3 reparar las puertas y ventanas en estado m\u00e1s cr\u00edtico, mejoras de los servicios sanitarios e instalaciones el\u00e9ctricas, limpieza de \u00e1reas verdes y pintura de las 3 edificaciones.<\/div>\n<\/div>\n<div class=\"x14z9mp xat24cr x1lziwak x1vvkbs xtlvy1s x126k92a\">\n<div dir=\"auto\"><\/div>\n<div dir=\"auto\">En el caso de la escuela primaria qued\u00f3 pendiente la pintura del edificio m\u00e1s antiguo y la colocaci\u00f3n de la cerca perimetral, toda vez que la falta de recursos limit\u00f3 su conclusi\u00f3n ,no obstante existen perspectivas en torno a ello.<\/div>\n<\/div>\n<div class=\"x14z9mp xat24cr x1lziwak x1vvkbs xtlvy1s x126k92a\">\n<div dir=\"auto\"><\/div>\n<div dir=\"auto\"><img decoding=\"async\" class=\"aligncenter size-full wp-image-79394\" src=\"https:\/\/www.radiosanctispiritus.cu\/es\/wp-content\/uploads\/casilda2.jpg\" alt=\"\" width=\"590\" height=\"443\" \/>As\u00ed qued\u00f3 demostrado una vez m\u00e1s el impacto del Trabajo Comunitario Integrado en las transformaciones de las comunidades. En la demarcaci\u00f3n trinitaria fue remodelado anteriormente el puesto de urgencias donde radica tambi\u00e9n el Consultorio #6 del M\u00e9dico y la enfermera de la familia , se restableci\u00f3 el servicio de estomatol\u00f3gica, y se pint\u00f3 la farmacia.<\/div>\n<\/div>\n<div class=\"x14z9mp xat24cr x1lziwak x1vvkbs xtlvy1s x126k92a\">\n<div dir=\"auto\"><\/div>\n<div dir=\"auto\">En contacto con la prensa el Presidente de la demarcaci\u00f3n sure\u00f1a Miguel Viamonte Naranjo y estado las directoras de las 3 instituciones educaciones elogiaron la respuesta de los ejecutores y de los trabajadores del sector ante la convocatoria , sin embargo, el aporte de la familia no alcanz\u00f3 el mismo nivel.<\/div>\n<div dir=\"auto\"><iframe src=\"https:\/\/www.ivoox.com\/player_ej_180039538_6_1.html?c1=84140c\" width=\"100%\" height=\"200\" frameborder=\"0\" scrolling=\"no\" allowfullscreen=\"allowfullscreen\"><\/iframe><\/div>\n<\/div>\n","protected":false},"excerpt":{"rendered":"<p>La huella del Trabajo Comunitario Integrado se revela a primera vista en las 3 instituciones educaciones enclavadas en el Consejo Popular Casilda las cuales recibieron significativas mejoras constructivas de cara al per\u00edodo lectivo 2026 -2027. Es as\u00ed como el C\u00edrculo Infantil Sue\u00f1os Marinos, la escuela primaria Mario Guerra Landestoy y la secundaria b\u00e1sica urbana Victoriano [&hellip;]<\/p>\n","protected":false},"author":145,"featured_media":79392,"comment_status":"open","ping_status":"open","sticky":false,"template":"","format":"standard","meta":{"_acf_changed":false,"footnotes":""},"categories":[9],"tags":[],"coauthors":[1886],"class_list":["post-79377","post","type-post","status-publish","format-standard","has-post-thumbnail","hentry","category-en-audio"],"acf":[],"_links":{"self":[{"href":"https:\/\/www.radiosanctispiritus.cu\/es\/wp-json\/wp\/v2\/posts\/79377","targetHints":{"allow":["GET"]}}],"collection":[{"href":"https:\/\/www.radiosanctispiritus.cu\/es\/wp-json\/wp\/v2\/posts"}],"about":[{"href":"https:\/\/www.radiosanctispiritus.cu\/es\/wp-json\/wp\/v2\/types\/post"}],"author":[{"embeddable":true,"href":"https:\/\/www.radiosanctispiritus.cu\/es\/wp-json\/wp\/v2\/users\/145"}],"replies":[{"embeddable":true,"href":"https:\/\/www.radiosanctispiritus.cu\/es\/wp-json\/wp\/v2\/comments?post=79377"}],"version-history":[{"count":3,"href":"https:\/\/www.radiosanctispiritus.cu\/es\/wp-json\/wp\/v2\/posts\/79377\/revisions"}],"predecessor-version":[{"id":79395,"href":"https:\/\/www.radiosanctispiritus.cu\/es\/wp-json\/wp\/v2\/posts\/79377\/revisions\/79395"}],"wp:featuredmedia":[{"embeddable":true,"href":"https:\/\/www.radiosanctispiritus.cu\/es\/wp-json\/wp\/v2\/media\/79392"}],"wp:attachment":[{"href":"https:\/\/www.radiosanctispiritus.cu\/es\/wp-json\/wp\/v2\/media?parent=79377"}],"wp:term":[{"taxonomy":"category","embeddable":true,"href":"https:\/\/www.radiosanctispiritus.cu\/es\/wp-json\/wp\/v2\/categories?post=79377"},{"taxonomy":"post_tag","embeddable":true,"href":"https:\/\/www.radiosanctispiritus.cu\/es\/wp-json\/wp\/v2\/tags?post=79377"},{"taxonomy":"author","embeddable":true,"href":"https:\/\/www.radiosanctispiritus.cu\/es\/wp-json\/wp\/v2\/coauthors?post=79377"}],"curies":[{"name":"wp","href":"https:\/\/api.w.org\/{rel}","templated":true}]}}