{"id":79372,"date":"2026-09-05T05:06:58","date_gmt":"2026-09-05T09:06:58","guid":{"rendered":"https:\/\/www.radiosanctispiritus.cu\/es\/?p=79372"},"modified":"2026-09-04T16:55:34","modified_gmt":"2026-09-04T20:55:34","slug":"oficina-del-conservador-de-sancti-spiritus-mira-con-profundidad-al-centro-historico-de-la-urbe","status":"publish","type":"post","link":"https:\/\/www.radiosanctispiritus.cu\/es\/oficina-del-conservador-de-sancti-spiritus-mira-con-profundidad-al-centro-historico-de-la-urbe\/","title":{"rendered":"Oficina del Conservador de Sancti Sp\u00edritus mira con profundidad al centro hist\u00f3rico de la urbe"},"content":{"rendered":"<p>Para so\u00f1ar con el ma\u00f1ana se precisa auscultar cada detalle del hoy. Conscientes de esa m\u00e1xima, especialistas de la Oficina del Conservador de la Ciudad Patrimonial de Sancti Sp\u00edritus auscultan, escudri\u00f1an, hallan particularidades que hoy son visibles en el centro hist\u00f3rico de la Cuarta Villa de Cuba.<\/p>\n<p>Yanina Wong Franco, especialista de la referida oficina, precisa que se est\u00e1 \u00abaplicando una encuesta por las diferentes viviendas, es decir, a los moradores de las viviendas y a las personas que trabajan en instituciones estatales que se encuentran situadas en el centro hist\u00f3rico de la ciudad. Dentro de este diagn\u00f3stico se realiza una caracterizaci\u00f3n de la poblaci\u00f3n que habita en el centro hist\u00f3rico\u00bb.<\/p>\n<p>Esa labor que exige de horas y horas de di\u00e1logo, de mirar m\u00e1s all\u00e1 de la primera imagen, de interpretar realidades. permitir\u00e1 elaborar el Plan Especial de Desarrollo Integral. Dicho instrumento de planificaci\u00f3n de nuevo tipo, de acuerdo con la documentaci\u00f3n de la oficina, incluye herramientas para el ordenamiento territorial y urbano y el desarrollo integral del centro hist\u00f3rico. Propone garantizar un desarrollo integral, pr\u00f3spero y sostenible, al considerar a la cultura como eje del desarrollo y al ser humano sujeto principal de la obra de rehabilitaci\u00f3n.<\/p>\n<p>\u00abNos servir\u00e1 posteriormente para realizar propuestas en el trabajo de la Oficina y en cuanto a los diferentes grupos etarios y sus actividades que se puedan proyectar\u00bb.<\/p>\n<p>La informaci\u00f3n emitida con las encuestas se contrasta con lo que se encuentra in situ al evaluar los valores de las construcciones. \u00abDentro del cuestionario que se est\u00e1 aplicando se describen las edificaciones que existen en la zona patrimonial por sus estilos y grados de protecci\u00f3n. Y esto nos permite dar prioridades para la conservaci\u00f3n de estos diferentes inmuebles.<\/p>\n<p>\u00abTambi\u00e9n en los recorridos se han podido detectar violaciones e ilegalidades que se cometen de tipo constructiva por personas naturales y jur\u00eddicas, lo que est\u00e1 incidiendo en la p\u00e9rdida de los valores arquitect\u00f3nicos y ambientales de estas diferentes construcciones del centro hist\u00f3rico\u00bb.<\/p>\n<p>Frente a los mism\u00edsimos ojos de la a\u00f1eja urbe del Yayabo, se ha perdido m\u00e1s de un valor arquitect\u00f3nico y ambiental por la acci\u00f3n consciente o no del ser humano. Entre las riquezas patrimoniales de la urbe m\u00e1s afectadas se encuentran techos, aleros, murales y otros detalles distintivos.<\/p>\n<p>Para revertir esa realidad que a punza resulta esencial la labor que tambi\u00e9n realizan quienes laboran en la entidad rectora del diagn\u00f3stico: informar, sugerir, educar a la ciudadan\u00eda en aras de que todas las acciones constructivas en las edificaciones de ese entramado urbano cumplan con los requerimientos establecidos para la conservaci\u00f3n de sus valores.<\/p>\n<p>\u00abEl trabajo es de gran importancia porque va a permitir trazar la estrategia que seguir\u00e1 la oficina en los pr\u00f3ximos cinco a\u00f1os\u00bb.<\/p>\n<p>La entidad, reconocida en diciembre de 2018 en el decreto n\u00famero 346 de la Gaceta Oficial de la Rep\u00fablica de Cuba, adem\u00e1s de velar por la preservaci\u00f3n, conservaci\u00f3n, restauraci\u00f3n patrimonial y el desarrollo cultural, social, f\u00edsico y econ\u00f3mico de manera sostenible, tiene como misi\u00f3n la salvaguarda de la espiritualidad.<\/p>\n<p>El ejemplo m\u00e1s reciente de c\u00f3mo su labor especializada trasciende las mejores constructivas convive en la casa de C\u00e9spedes n\u00famero 167 sur de la urbe del Yayabo, donde la familia dej\u00f3 atr\u00e1s las noches de insomnio. por miedo a que el techo se le viniera encima.<\/p>\n<p><iframe src=\"https:\/\/www.ivoox.com\/player_ej_180039733_6_1.html?c1=84140c\" width=\"100%\" height=\"200\" frameborder=\"0\" scrolling=\"no\" allowfullscreen=\"allowfullscreen\"><\/iframe><\/p>\n","protected":false},"excerpt":{"rendered":"<p>Para so\u00f1ar con el ma\u00f1ana se precisa auscultar cada detalle del hoy. Conscientes de esa m\u00e1xima, especialistas de la Oficina del Conservador de la Ciudad Patrimonial de Sancti Sp\u00edritus auscultan, escudri\u00f1an, hallan particularidades que hoy son visibles en el centro hist\u00f3rico de la Cuarta Villa de Cuba.<\/p>\n","protected":false},"author":12,"featured_media":79400,"comment_status":"open","ping_status":"open","sticky":false,"template":"","format":"standard","meta":{"_acf_changed":false,"footnotes":""},"categories":[6,9,8,1],"tags":[3204,68,1146],"coauthors":[1864],"class_list":["post-79372","post","type-post","status-publish","format-standard","has-post-thumbnail","hentry","category-cultura","category-en-audio","category-noticia","category-sancti-spiritus","tag-centro-historico-espirituano","tag-oficina-del-conservador-de-la-ciudad-de-sancti-spiritus","tag-villa-del-espiritu-santo"],"acf":[],"_links":{"self":[{"href":"https:\/\/www.radiosanctispiritus.cu\/es\/wp-json\/wp\/v2\/posts\/79372","targetHints":{"allow":["GET"]}}],"collection":[{"href":"https:\/\/www.radiosanctispiritus.cu\/es\/wp-json\/wp\/v2\/posts"}],"about":[{"href":"https:\/\/www.radiosanctispiritus.cu\/es\/wp-json\/wp\/v2\/types\/post"}],"author":[{"embeddable":true,"href":"https:\/\/www.radiosanctispiritus.cu\/es\/wp-json\/wp\/v2\/users\/12"}],"replies":[{"embeddable":true,"href":"https:\/\/www.radiosanctispiritus.cu\/es\/wp-json\/wp\/v2\/comments?post=79372"}],"version-history":[{"count":5,"href":"https:\/\/www.radiosanctispiritus.cu\/es\/wp-json\/wp\/v2\/posts\/79372\/revisions"}],"predecessor-version":[{"id":79401,"href":"https:\/\/www.radiosanctispiritus.cu\/es\/wp-json\/wp\/v2\/posts\/79372\/revisions\/79401"}],"wp:featuredmedia":[{"embeddable":true,"href":"https:\/\/www.radiosanctispiritus.cu\/es\/wp-json\/wp\/v2\/media\/79400"}],"wp:attachment":[{"href":"https:\/\/www.radiosanctispiritus.cu\/es\/wp-json\/wp\/v2\/media?parent=79372"}],"wp:term":[{"taxonomy":"category","embeddable":true,"href":"https:\/\/www.radiosanctispiritus.cu\/es\/wp-json\/wp\/v2\/categories?post=79372"},{"taxonomy":"post_tag","embeddable":true,"href":"https:\/\/www.radiosanctispiritus.cu\/es\/wp-json\/wp\/v2\/tags?post=79372"},{"taxonomy":"author","embeddable":true,"href":"https:\/\/www.radiosanctispiritus.cu\/es\/wp-json\/wp\/v2\/coauthors?post=79372"}],"curies":[{"name":"wp","href":"https:\/\/api.w.org\/{rel}","templated":true}]}}