{"id":79364,"date":"2026-09-05T05:05:05","date_gmt":"2026-09-05T09:05:05","guid":{"rendered":"https:\/\/www.radiosanctispiritus.cu\/es\/?p=79364"},"modified":"2026-09-04T17:50:39","modified_gmt":"2026-09-04T21:50:39","slug":"la-educadora-morbelys-cuellar-y-su-transito-retador-por-colombia","status":"publish","type":"post","link":"https:\/\/www.radiosanctispiritus.cu\/es\/la-educadora-morbelys-cuellar-y-su-transito-retador-por-colombia\/","title":{"rendered":"La educadora Morbelys Cu\u00e9llar y su tr\u00e1nsito retador por Colombia"},"content":{"rendered":"<p>Luego de tres a\u00f1os como representante del Ministerio de Educaci\u00f3n en Cuba \u00a0en la Misi\u00f3n educativa en Colombia, la reconocida educadora espirituana, Doctora en Ciencias\u00a0 Morbelys\u00a0 Cu\u00e9llar Guti\u00e9rrez, regresa a la Patria y cuenta sus vivencias.<\/p>\n<p>\u201cComenzamos all\u00ed en mayo de 2023, a intentar fortalecer alianzas en materia educativa entre Cuba y Colombia\u201d.<\/p>\n<p><strong>\u00bfC\u00f3mo fue esa experiencia? <\/strong><\/p>\n<p>Verdaderamente fue una experiencia extraordinaria tanto profesional como humanamente. No dej\u00f3 de ser fuerte ya el estar lejos de la Patria, de la familia y sola enfrentando un terreno desconocido. Siempre es muy retador y un desaf\u00edo a enfrentar, pero, sin dudas, fue muy enriquecedor y gratificante ver como fuimos tocando puertas, fortaleciendo alianzas.<\/p>\n<p><strong>\u00bfA su juicio, cu\u00e1les fueron los principales resultados de la Misi\u00f3n educativa? <\/strong><\/p>\n<p>Logramos concretar un grupo de convenios de relaciones bilaterales en materia educativa entre ambas naciones, tanto con el Ministerio de Educaci\u00f3n de Colombia, con el que mantenemos relaciones vigentes y que abri\u00f3 las puertas a esta cooperaci\u00f3n en el \u00e1rea de alfabetizaci\u00f3n de j\u00f3venes, adultos y adultos mayores, a trav\u00e9s de la implementaci\u00f3n del Programa de alfabetizaci\u00f3n \u201cYo s\u00ed puedo\u201d, dise\u00f1ado en nuestro pa\u00eds.<\/p>\n<p>Tambi\u00e9n logramos alianzas con el Servicio Nacional de Aprendizaje, que es una\u00a0 instituci\u00f3n que coordina toda la Formaci\u00f3n T\u00e9cnico Profesional, algo muy similar a las Educaci\u00f3n T\u00e9cnica Profesional de aqu\u00ed de Cuba, y tambi\u00e9n tenemos un Memorando de Entendimiento vigente que favoreci\u00f3 alianzas, visitas tanto de la Direcci\u00f3n del Ministerio de Educaci\u00f3n de Cuba y de Colombia, as\u00ed como\u00a0 a delegaciones de ambos pa\u00edses que dejaron un grupo de proyecciones.<\/p>\n<p><img decoding=\"async\" class=\"size-medium wp-image-79405 alignleft\" src=\"https:\/\/www.radiosanctispiritus.cu\/es\/wp-content\/uploads\/Educacion-Morbelys-2-e1788558609640-600x367.jpg\" alt=\"\" width=\"600\" height=\"367\" srcset=\"https:\/\/www.radiosanctispiritus.cu\/es\/wp-content\/uploads\/Educacion-Morbelys-2-e1788558609640-600x367.jpg 600w, https:\/\/www.radiosanctispiritus.cu\/es\/wp-content\/uploads\/Educacion-Morbelys-2-e1788558609640.jpg 654w\" sizes=\"(max-width: 600px) 100vw, 600px\" \/><\/p>\n<p><strong>\u00bfDentro de todos esos convenios de cooperaci\u00f3n y aprendizajes, puede\u00a0 particularizar en alguno?<\/strong><\/p>\n<p>Realmente todos son importantes y tienen sus propias particularidades, pero un \u00e1rea especial que tambi\u00e9n fue de mucho inter\u00e9s fue la Formaci\u00f3n Acad\u00e9mica de Posgrado de colombianos en Cuba.<\/p>\n<p>Hoy tenemos abierta y funcionando con 16 doctorandos colombianos en nuestro pa\u00eds que estudian en el Instituto Central de Ciencias Pedag\u00f3gicas en La Habana. Es una modalidad de formaci\u00f3n tutelar, y pienso, en sentido general, que se fortalecieron en materia educativa much\u00edsimas relaciones bilaterales.<\/p>\n<p><strong>\u00bfDurante su estancia en Colombia algo que le llamara la atenci\u00f3n?<\/strong><\/p>\n<p>Pudiera hacer referencia a muchas cosas, pero lo m\u00e1s importante para m\u00ed, fueron las muestras de amor y de solidaridad de muchas personas con Cuba.<\/p>\n<p>El Movimiento de Solidaridad con Cuba, all\u00ed es fuerte, es potente, se respira much\u00edsimo amor por nuestra tierra, y mira ver la Bandera cubana y ver tantas acciones de solidaridad cuando uno est\u00e1 lejos de la Patria, cr\u00e9ame que muy gratificante.<\/p>\n<p><strong>Morbelys, eres graduadas de la Educaci\u00f3n Especial en el Instituto Superior Pedag\u00f3gico F\u00e9lix Varela de Villa Clara, \u00bfQu\u00e9 importancia le confieres a esta formaci\u00f3n, en su tr\u00e1nsito por el\u00a0 sector educacional?<\/strong><\/p>\n<p>Para m\u00ed la Educaci\u00f3n Especial es muy importante, le dir\u00eda que ha marcado un camino en mi vida profesional que ha dejado huellas en toda mi trayectoria como docente, por la sensibilidad, por lo que te aporta, por el humanismo, por la metodolog\u00eda y la pedagog\u00eda, y por el car\u00e1cter humano que distingue a nuestro nivel educativo, por lo tanto la Educaci\u00f3n Especial siempre va a tener un valor adicional a todo lo que haga en la vida.<\/p>\n","protected":false},"excerpt":{"rendered":"<p>Luego de tres a\u00f1os como representante del Ministerio de Educaci\u00f3n en Cuba \u00a0en la Misi\u00f3n educativa en Colombia, la reconocida educadora espirituana, Doctora en Ciencias\u00a0 Morbelys\u00a0 Cu\u00e9llar Guti\u00e9rrez, regresa a la Patria y cuenta sus vivencias.<\/p>\n","protected":false},"author":8,"featured_media":79403,"comment_status":"open","ping_status":"open","sticky":false,"template":"","format":"standard","meta":{"_acf_changed":false,"footnotes":""},"categories":[8,16,9,1],"tags":[155,29,2481],"coauthors":[1917],"class_list":["post-79364","post","type-post","status-publish","format-standard","has-post-thumbnail","hentry","category-noticia","category-economia","category-en-audio","category-sancti-spiritus","tag-cuba-colombia","tag-educacion","tag-educacion-especial"],"acf":[],"_links":{"self":[{"href":"https:\/\/www.radiosanctispiritus.cu\/es\/wp-json\/wp\/v2\/posts\/79364","targetHints":{"allow":["GET"]}}],"collection":[{"href":"https:\/\/www.radiosanctispiritus.cu\/es\/wp-json\/wp\/v2\/posts"}],"about":[{"href":"https:\/\/www.radiosanctispiritus.cu\/es\/wp-json\/wp\/v2\/types\/post"}],"author":[{"embeddable":true,"href":"https:\/\/www.radiosanctispiritus.cu\/es\/wp-json\/wp\/v2\/users\/8"}],"replies":[{"embeddable":true,"href":"https:\/\/www.radiosanctispiritus.cu\/es\/wp-json\/wp\/v2\/comments?post=79364"}],"version-history":[{"count":4,"href":"https:\/\/www.radiosanctispiritus.cu\/es\/wp-json\/wp\/v2\/posts\/79364\/revisions"}],"predecessor-version":[{"id":79406,"href":"https:\/\/www.radiosanctispiritus.cu\/es\/wp-json\/wp\/v2\/posts\/79364\/revisions\/79406"}],"wp:featuredmedia":[{"embeddable":true,"href":"https:\/\/www.radiosanctispiritus.cu\/es\/wp-json\/wp\/v2\/media\/79403"}],"wp:attachment":[{"href":"https:\/\/www.radiosanctispiritus.cu\/es\/wp-json\/wp\/v2\/media?parent=79364"}],"wp:term":[{"taxonomy":"category","embeddable":true,"href":"https:\/\/www.radiosanctispiritus.cu\/es\/wp-json\/wp\/v2\/categories?post=79364"},{"taxonomy":"post_tag","embeddable":true,"href":"https:\/\/www.radiosanctispiritus.cu\/es\/wp-json\/wp\/v2\/tags?post=79364"},{"taxonomy":"author","embeddable":true,"href":"https:\/\/www.radiosanctispiritus.cu\/es\/wp-json\/wp\/v2\/coauthors?post=79364"}],"curies":[{"name":"wp","href":"https:\/\/api.w.org\/{rel}","templated":true}]}}