{"id":79363,"date":"2026-09-04T15:17:17","date_gmt":"2026-09-04T19:17:17","guid":{"rendered":"https:\/\/www.radiosanctispiritus.cu\/es\/?p=79363"},"modified":"2026-09-04T15:17:17","modified_gmt":"2026-09-04T19:17:17","slug":"nuevos-desafios-marcan-periodo-lectivo-en-centro-universitario-de-trinidad","status":"publish","type":"post","link":"https:\/\/www.radiosanctispiritus.cu\/es\/nuevos-desafios-marcan-periodo-lectivo-en-centro-universitario-de-trinidad\/","title":{"rendered":"Nuevos desaf\u00edos marcan periodo lectivo en Centro Universitario de Trinidad"},"content":{"rendered":"<div class=\"ds-message _63c77b1\">\n<div class=\"ds-markdown ds-assistant-message-main-content\">\n<p class=\"ds-markdown-paragraph\"><span class=\"\">El Centro Universitario Municipal Julio Antonio Mella de Trinidad iniciar\u00e1 este s\u00e1bado 5 de septiembre el a\u00f1o acad\u00e9mico 2026-2027 en un escenario extremadamente complejo agravado por la crisis energ\u00e9tica, aunque las alternativas garantizar\u00e1n la arrancada y continuidad del proceso de ense\u00f1anza-aprendizaje, seg\u00fan explic\u00f3 el M\u00e1ster Eduardo Rafael \u00c1guila Turi\u00f1o, director del plantel, en declaraciones a la radio.<\/span><\/p>\n<p class=\"ds-markdown-paragraph\"><span class=\"\">El directivo precis\u00f3 que se trabajar\u00e1 con las modalidades semipresencial y a distancia, teniendo en cuenta las problem\u00e1ticas del pa\u00eds, y los encuentros presenciales est\u00e1n previstos en los planteles de apoyo: las secundarias b\u00e1sicas Carlos Echenagus\u00eda y Julio Sotolongo, la primaria Marcelo Salado, la escuela especial Jes\u00fas Betancourt y el Estadio Rolando Rodr\u00edguez.<\/span><\/p>\n<p><iframe src=\"https:\/\/www.ivoox.com\/player_ej_179987976_6_1.html?c1=84140c\" width=\"100%\" height=\"200\" frameborder=\"0\" scrolling=\"no\" allowfullscreen=\"allowfullscreen\"><\/iframe><\/p>\n<\/div>\n<\/div>\n","protected":false},"excerpt":{"rendered":"<p>El Centro Universitario Municipal Julio Antonio Mella de Trinidad iniciar\u00e1 este s\u00e1bado 5 de septiembre el a\u00f1o acad\u00e9mico 2026-2027 en un escenario extremadamente complejo agravado por la crisis energ\u00e9tica, aunque las alternativas garantizar\u00e1n la arrancada y continuidad del proceso de ense\u00f1anza-aprendizaje, seg\u00fan explic\u00f3 el M\u00e1ster Eduardo Rafael \u00c1guila Turi\u00f1o, director del plantel, en declaraciones a la radio.<\/p>\n","protected":false},"author":145,"featured_media":79367,"comment_status":"open","ping_status":"open","sticky":false,"template":"","format":"standard","meta":{"_acf_changed":false,"footnotes":""},"categories":[8,14,9],"tags":[],"coauthors":[1886],"class_list":["post-79363","post","type-post","status-publish","format-standard","has-post-thumbnail","hentry","category-noticia","category-educacion","category-en-audio"],"acf":[],"_links":{"self":[{"href":"https:\/\/www.radiosanctispiritus.cu\/es\/wp-json\/wp\/v2\/posts\/79363","targetHints":{"allow":["GET"]}}],"collection":[{"href":"https:\/\/www.radiosanctispiritus.cu\/es\/wp-json\/wp\/v2\/posts"}],"about":[{"href":"https:\/\/www.radiosanctispiritus.cu\/es\/wp-json\/wp\/v2\/types\/post"}],"author":[{"embeddable":true,"href":"https:\/\/www.radiosanctispiritus.cu\/es\/wp-json\/wp\/v2\/users\/145"}],"replies":[{"embeddable":true,"href":"https:\/\/www.radiosanctispiritus.cu\/es\/wp-json\/wp\/v2\/comments?post=79363"}],"version-history":[{"count":1,"href":"https:\/\/www.radiosanctispiritus.cu\/es\/wp-json\/wp\/v2\/posts\/79363\/revisions"}],"predecessor-version":[{"id":79368,"href":"https:\/\/www.radiosanctispiritus.cu\/es\/wp-json\/wp\/v2\/posts\/79363\/revisions\/79368"}],"wp:featuredmedia":[{"embeddable":true,"href":"https:\/\/www.radiosanctispiritus.cu\/es\/wp-json\/wp\/v2\/media\/79367"}],"wp:attachment":[{"href":"https:\/\/www.radiosanctispiritus.cu\/es\/wp-json\/wp\/v2\/media?parent=79363"}],"wp:term":[{"taxonomy":"category","embeddable":true,"href":"https:\/\/www.radiosanctispiritus.cu\/es\/wp-json\/wp\/v2\/categories?post=79363"},{"taxonomy":"post_tag","embeddable":true,"href":"https:\/\/www.radiosanctispiritus.cu\/es\/wp-json\/wp\/v2\/tags?post=79363"},{"taxonomy":"author","embeddable":true,"href":"https:\/\/www.radiosanctispiritus.cu\/es\/wp-json\/wp\/v2\/coauthors?post=79363"}],"curies":[{"name":"wp","href":"https:\/\/api.w.org\/{rel}","templated":true}]}}