{"id":79360,"date":"2026-09-04T14:46:13","date_gmt":"2026-09-04T18:46:13","guid":{"rendered":"https:\/\/www.radiosanctispiritus.cu\/es\/?p=79360"},"modified":"2026-09-04T14:46:13","modified_gmt":"2026-09-04T18:46:13","slug":"que-expectativas-mueven-a-quienes-casi-se-despiden-del-preuniversitario-desde-taguasco-responden","status":"publish","type":"post","link":"https:\/\/www.radiosanctispiritus.cu\/es\/que-expectativas-mueven-a-quienes-casi-se-despiden-del-preuniversitario-desde-taguasco-responden\/","title":{"rendered":"\u00bfQu\u00e9 expectativas mueven a quienes casi se despiden del preuniversitario? Desde Taguasco responden"},"content":{"rendered":"<p class=\"ds-markdown-paragraph\"><span class=\"\">Con el inicio del curso escolar, desde el Centro Mixto Antonio Maceo, dos estudiantes de duod\u00e9cimo grado, Fabi\u00e1n Jim\u00e9nez y Jordan Delgado, coincidieron en que el \u00faltimo a\u00f1o del preuniversitario representa una gran posibilidad para su futuro estudio y la oportunidad de seguir prepar\u00e1ndose.<\/span><\/p>\n<p class=\"ds-markdown-paragraph\"><span class=\"\">Jordan Delgado calific\u00f3 la experiencia como \u00fanica, dadas las dificultades del contexto actual, y manifest\u00f3 su aspiraci\u00f3n de cursar una carrera de ingenier\u00eda, aunque a\u00fan no tiene una decisi\u00f3n definitiva sobre la especialidad.<\/span><\/p>\n<p><iframe src=\"https:\/\/www.ivoox.com\/player_ej_179988640_6_1.html?c1=84140c\" width=\"100%\" height=\"200\" frameborder=\"0\" scrolling=\"no\" allowfullscreen=\"allowfullscreen\"><\/iframe><\/p>\n","protected":false},"excerpt":{"rendered":"<p>Con el inicio del curso escolar, desde el Centro Mixto Antonio Maceo, dos estudiantes de duod\u00e9cimo grado, Fabi\u00e1n Jim\u00e9nez y Jordan Delgado, coincidieron en que el \u00faltimo a\u00f1o del preuniversitario representa una gran posibilidad para su futuro estudio y la oportunidad de seguir prepar\u00e1ndose.<\/p>\n","protected":false},"author":17,"featured_media":79361,"comment_status":"open","ping_status":"open","sticky":false,"template":"","format":"standard","meta":{"_acf_changed":false,"footnotes":""},"categories":[8,14,9],"tags":[],"coauthors":[1870],"class_list":["post-79360","post","type-post","status-publish","format-standard","has-post-thumbnail","hentry","category-noticia","category-educacion","category-en-audio"],"acf":[],"_links":{"self":[{"href":"https:\/\/www.radiosanctispiritus.cu\/es\/wp-json\/wp\/v2\/posts\/79360","targetHints":{"allow":["GET"]}}],"collection":[{"href":"https:\/\/www.radiosanctispiritus.cu\/es\/wp-json\/wp\/v2\/posts"}],"about":[{"href":"https:\/\/www.radiosanctispiritus.cu\/es\/wp-json\/wp\/v2\/types\/post"}],"author":[{"embeddable":true,"href":"https:\/\/www.radiosanctispiritus.cu\/es\/wp-json\/wp\/v2\/users\/17"}],"replies":[{"embeddable":true,"href":"https:\/\/www.radiosanctispiritus.cu\/es\/wp-json\/wp\/v2\/comments?post=79360"}],"version-history":[{"count":1,"href":"https:\/\/www.radiosanctispiritus.cu\/es\/wp-json\/wp\/v2\/posts\/79360\/revisions"}],"predecessor-version":[{"id":79362,"href":"https:\/\/www.radiosanctispiritus.cu\/es\/wp-json\/wp\/v2\/posts\/79360\/revisions\/79362"}],"wp:featuredmedia":[{"embeddable":true,"href":"https:\/\/www.radiosanctispiritus.cu\/es\/wp-json\/wp\/v2\/media\/79361"}],"wp:attachment":[{"href":"https:\/\/www.radiosanctispiritus.cu\/es\/wp-json\/wp\/v2\/media?parent=79360"}],"wp:term":[{"taxonomy":"category","embeddable":true,"href":"https:\/\/www.radiosanctispiritus.cu\/es\/wp-json\/wp\/v2\/categories?post=79360"},{"taxonomy":"post_tag","embeddable":true,"href":"https:\/\/www.radiosanctispiritus.cu\/es\/wp-json\/wp\/v2\/tags?post=79360"},{"taxonomy":"author","embeddable":true,"href":"https:\/\/www.radiosanctispiritus.cu\/es\/wp-json\/wp\/v2\/coauthors?post=79360"}],"curies":[{"name":"wp","href":"https:\/\/api.w.org\/{rel}","templated":true}]}}