{"id":79351,"date":"2026-09-04T13:51:00","date_gmt":"2026-09-04T17:51:00","guid":{"rendered":"https:\/\/www.radiosanctispiritus.cu\/es\/?p=79351"},"modified":"2026-09-04T14:04:07","modified_gmt":"2026-09-04T18:04:07","slug":"union-electrica-confirma-deceso-de-liniero-espirituano-en-accidente-laboral-en-la-habana","status":"publish","type":"post","link":"https:\/\/www.radiosanctispiritus.cu\/es\/union-electrica-confirma-deceso-de-liniero-espirituano-en-accidente-laboral-en-la-habana\/","title":{"rendered":"Confirman deceso de liniero espirituano en accidente laboral en La Habana"},"content":{"rendered":"<p>La Uni\u00f3n El\u00e9ctrica confirm\u00f3 en la red social Facebook el fallecimiento del liniero espirituano Edisvey Rolando P\u00e9rez Rodr\u00edguez, de 32 a\u00f1os, ocurrido en horas de la ma\u00f1ana de este jueves durante labores de mantenimiento en la capital.<\/p>\n<p>\u201cHacemos llegar nuestras m\u00e1s sentidas condolencias a familiares, amigos y compa\u00f1eros de trabajo del liniero Edisvey Rolando P\u00e9rez Rodr\u00edguez, de 32 a\u00f1os de edad, fallecido en la ma\u00f1ana de este jueves en un accidente laboral durante las acciones de mantenimiento que realiza la brigada de la Empresa El\u00e9ctrica de Sancti Sp\u00edritus en la capital\u201d, expres\u00f3 la entidad en su mensaje.<\/p>\n<p>La empresa estatal se\u00f1al\u00f3 previamente que brigadas especializadas contin\u00faan trabajando en municipios de La Habana para restablecer la vitalidad del Sistema El\u00e9ctrico Nacional y mejorar las condiciones de la red.<\/p>\n<p>Seg\u00fan la Uni\u00f3n El\u00e9ctrica, se ejecutan acciones en transformadores, subestaciones y circuitos de distribuci\u00f3n con el objetivo de garantizar estabilidad en el servicio y reducir interrupciones.<\/p>\n<p>El Ministerio de Energ\u00eda y Minas precis\u00f3 tambi\u00e9n que los trabajos incluyen mantenimiento preventivo, sustituci\u00f3n de equipos deteriorados y ajustes t\u00e9cnicos en l\u00edneas de transmisi\u00f3n.<\/p>\n<p>La Empresa El\u00e9ctrica de La Habana indic\u00f3 que se priorizan instalaciones de salud, sistemas de abasto de agua y otros servicios vitales para la poblaci\u00f3n.<\/p>\n<p>Autoridades confirmaron que el proceso de recuperaci\u00f3n se realiza de manera gradual, en correspondencia con las condiciones del Sistema El\u00e9ctrico Nacional, y se mantendr\u00e1 la informaci\u00f3n a trav\u00e9s de los canales oficiales.<\/p>\n<p>La calidad de los linieros en Cuba reposa en el compromiso y el desempe\u00f1o laboral que los distingue, pues cada jornada arriesgan sus vidas para garantizar que la poblaci\u00f3n disponga de un servicio el\u00e9ctrico estable y seguro.<\/p>\n<p>Su entrega cotidiana constituye un pilar esencial en la fortaleza del sistema energ\u00e9tico nacional.<\/p>\n","protected":false},"excerpt":{"rendered":"<p>La Uni\u00f3n El\u00e9ctrica confirm\u00f3 en la red social Facebook el fallecimiento del liniero espirituano Edisvey Rolando P\u00e9rez Rodr\u00edguez, de 32 a\u00f1os, ocurrido en horas de la ma\u00f1ana de este jueves durante labores de mantenimiento en la capital.<\/p>\n","protected":false},"author":123,"featured_media":79354,"comment_status":"open","ping_status":"open","sticky":false,"template":"","format":"standard","meta":{"_acf_changed":false,"footnotes":""},"categories":[16,8,1],"tags":[145,2887,34],"coauthors":[1895],"class_list":["post-79351","post","type-post","status-publish","format-standard","has-post-thumbnail","hentry","category-economia","category-noticia","category-sancti-spiritus","tag-accidente","tag-empresa-electrica-sancti-spiritus","tag-union-electrica"],"acf":[],"_links":{"self":[{"href":"https:\/\/www.radiosanctispiritus.cu\/es\/wp-json\/wp\/v2\/posts\/79351","targetHints":{"allow":["GET"]}}],"collection":[{"href":"https:\/\/www.radiosanctispiritus.cu\/es\/wp-json\/wp\/v2\/posts"}],"about":[{"href":"https:\/\/www.radiosanctispiritus.cu\/es\/wp-json\/wp\/v2\/types\/post"}],"author":[{"embeddable":true,"href":"https:\/\/www.radiosanctispiritus.cu\/es\/wp-json\/wp\/v2\/users\/123"}],"replies":[{"embeddable":true,"href":"https:\/\/www.radiosanctispiritus.cu\/es\/wp-json\/wp\/v2\/comments?post=79351"}],"version-history":[{"count":2,"href":"https:\/\/www.radiosanctispiritus.cu\/es\/wp-json\/wp\/v2\/posts\/79351\/revisions"}],"predecessor-version":[{"id":79356,"href":"https:\/\/www.radiosanctispiritus.cu\/es\/wp-json\/wp\/v2\/posts\/79351\/revisions\/79356"}],"wp:featuredmedia":[{"embeddable":true,"href":"https:\/\/www.radiosanctispiritus.cu\/es\/wp-json\/wp\/v2\/media\/79354"}],"wp:attachment":[{"href":"https:\/\/www.radiosanctispiritus.cu\/es\/wp-json\/wp\/v2\/media?parent=79351"}],"wp:term":[{"taxonomy":"category","embeddable":true,"href":"https:\/\/www.radiosanctispiritus.cu\/es\/wp-json\/wp\/v2\/categories?post=79351"},{"taxonomy":"post_tag","embeddable":true,"href":"https:\/\/www.radiosanctispiritus.cu\/es\/wp-json\/wp\/v2\/tags?post=79351"},{"taxonomy":"author","embeddable":true,"href":"https:\/\/www.radiosanctispiritus.cu\/es\/wp-json\/wp\/v2\/coauthors?post=79351"}],"curies":[{"name":"wp","href":"https:\/\/api.w.org\/{rel}","templated":true}]}}