{"id":79333,"date":"2026-09-04T07:00:41","date_gmt":"2026-09-04T11:00:41","guid":{"rendered":"https:\/\/www.radiosanctispiritus.cu\/es\/?p=79333"},"modified":"2026-09-04T08:00:01","modified_gmt":"2026-09-04T12:00:01","slug":"noticiero-un-paso-mas-emision-del-viernes-4-de-septiembre-de-2026","status":"publish","type":"post","link":"https:\/\/www.radiosanctispiritus.cu\/es\/noticiero-un-paso-mas-emision-del-viernes-4-de-septiembre-de-2026\/","title":{"rendered":"Noticiero Un Paso M\u00e1s (Emisi\u00f3n del viernes, 4 de septiembre de 2026)"},"content":{"rendered":"<h3><span class=\"\"> Cr\u00e9ditos de la Emisi\u00f3n<\/span><\/h3>\n<ul>\n<li>\n<p class=\"ds-markdown-paragraph\"><strong><span class=\"\">Locuci\u00f3n y Conducci\u00f3n:<\/span><\/strong><span class=\"\">Marlene Icel Borges D\u00edaz y Julio Antonio P\u00e9rez Rodr\u00edguez (\u00abJulito\u00bb)<\/span><\/p>\n<\/li>\n<li>\n<p class=\"ds-markdown-paragraph\"><strong><span class=\"\">Voz Incidental:<\/span><\/strong><span class=\"\"> Katia Garc\u00eda \u00c1lvarez<\/span><\/p>\n<\/li>\n<li>\n<p class=\"ds-markdown-paragraph\"><strong><span class=\"\">Redacci\u00f3n de Noticias: <\/span><\/strong><span class=\"\">Reinol Cruz<\/span><strong><span class=\"\"><br \/>\n<\/span><\/strong><\/p>\n<\/li>\n<li>\n<p class=\"ds-markdown-paragraph\"><strong><span class=\"\"> Productor:<\/span><\/strong><span class=\"\"> Jairo Alberto Pacheco Crespo<\/span><\/p>\n<\/li>\n<li>\n<p class=\"ds-markdown-paragraph\"><strong><span class=\"\">Direcci\u00f3n General:<\/span><\/strong><span class=\"\"> Yandy Ram\u00edrez D\u00edaz<\/span><\/p>\n<\/li>\n<\/ul>\n","protected":false},"excerpt":{"rendered":"<p>Cr\u00e9ditos de la Emisi\u00f3n Locuci\u00f3n y Conducci\u00f3n:Marlene Icel Borges D\u00edaz y Julio Antonio P\u00e9rez Rodr\u00edguez (\u00abJulito\u00bb) Voz Incidental: Katia Garc\u00eda \u00c1lvarez Redacci\u00f3n de Noticias: Reinol Cruz Productor: Jairo Alberto Pacheco Crespo Direcci\u00f3n General: Yandy Ram\u00edrez D\u00edaz<\/p>\n","protected":false},"author":4,"featured_media":73874,"comment_status":"open","ping_status":"open","sticky":false,"template":"","format":"audio","meta":{"_acf_changed":false,"footnotes":""},"categories":[10,9,2163],"tags":[3423,964,3092,3424,904],"coauthors":[1883],"class_list":["post-79333","post","type-post","status-publish","format-audio","has-post-thumbnail","hentry","category-programas-de-radio","category-en-audio","category-un-paso-mas","tag-bloqueo-ee-uu-a-cuba","tag-economia-cubana","tag-noticias-cuba","tag-periodismo-radial","tag-radio-sancti-spiritus","post_format-post-format-audio"],"acf":[],"_links":{"self":[{"href":"https:\/\/www.radiosanctispiritus.cu\/es\/wp-json\/wp\/v2\/posts\/79333","targetHints":{"allow":["GET"]}}],"collection":[{"href":"https:\/\/www.radiosanctispiritus.cu\/es\/wp-json\/wp\/v2\/posts"}],"about":[{"href":"https:\/\/www.radiosanctispiritus.cu\/es\/wp-json\/wp\/v2\/types\/post"}],"author":[{"embeddable":true,"href":"https:\/\/www.radiosanctispiritus.cu\/es\/wp-json\/wp\/v2\/users\/4"}],"replies":[{"embeddable":true,"href":"https:\/\/www.radiosanctispiritus.cu\/es\/wp-json\/wp\/v2\/comments?post=79333"}],"version-history":[{"count":2,"href":"https:\/\/www.radiosanctispiritus.cu\/es\/wp-json\/wp\/v2\/posts\/79333\/revisions"}],"predecessor-version":[{"id":79338,"href":"https:\/\/www.radiosanctispiritus.cu\/es\/wp-json\/wp\/v2\/posts\/79333\/revisions\/79338"}],"wp:featuredmedia":[{"embeddable":true,"href":"https:\/\/www.radiosanctispiritus.cu\/es\/wp-json\/wp\/v2\/media\/73874"}],"wp:attachment":[{"href":"https:\/\/www.radiosanctispiritus.cu\/es\/wp-json\/wp\/v2\/media?parent=79333"}],"wp:term":[{"taxonomy":"category","embeddable":true,"href":"https:\/\/www.radiosanctispiritus.cu\/es\/wp-json\/wp\/v2\/categories?post=79333"},{"taxonomy":"post_tag","embeddable":true,"href":"https:\/\/www.radiosanctispiritus.cu\/es\/wp-json\/wp\/v2\/tags?post=79333"},{"taxonomy":"author","embeddable":true,"href":"https:\/\/www.radiosanctispiritus.cu\/es\/wp-json\/wp\/v2\/coauthors?post=79333"}],"curies":[{"name":"wp","href":"https:\/\/api.w.org\/{rel}","templated":true}]}}