{"id":79327,"date":"2026-09-04T01:02:34","date_gmt":"2026-09-04T05:02:34","guid":{"rendered":"https:\/\/www.radiosanctispiritus.cu\/es\/?p=79327"},"modified":"2026-09-04T01:03:56","modified_gmt":"2026-09-04T05:03:56","slug":"chequea-vicepresidente-del-inder-estrategias-para-curso-escolar-deportivo","status":"publish","type":"post","link":"https:\/\/www.radiosanctispiritus.cu\/es\/chequea-vicepresidente-del-inder-estrategias-para-curso-escolar-deportivo\/","title":{"rendered":"Chequea vicepresidente del INDER estrategias para curso escolar deportivo"},"content":{"rendered":"<p>Con el objetivo de puntualizar las estrategias y aseguramiento material y log\u00edstico para el curso escolar 2026-2027, el movimiento deportivo de Sancti Sp\u00edritus fue visitado por Omar Venegas Echemendia, vicepresidente del INDER y su grupo de trabajo.<br \/>\nLa comitiva deportiva nacional junto a autoridades pol\u00edticas, gubernamentales y del deporte de la provincia, sostuvo un provechoso intercambio con el Consejo de Direcci\u00f3n de la EIDE Lino Salabarr\u00eda Pupo y la Escuela de Profesores de Educaci\u00f3n F\u00edsica Comandante Manuel Piti Fajardo.<br \/>\nOmar Venegas hizo un llamado a \u00abla necesidad de mantener con estabilidad el curso deportivo, reto que implica mayor dedicaci\u00f3n y esfuerzos adicionales aferrados a las condiciones actuales por las que atraviesa el pa\u00eds.<br \/>\n\u00abOtro de los retos que enfrentar\u00e1 el curso lectivo-deportivo es garantizar que ning\u00fan talento se pierda, y debemos insistir en la atenci\u00f3n priorizada a la reserva deportiva<br \/>\nEl vicepresidente del INDER hizo un llamado tambi\u00e9n a \u00abfomentar las estrategias de superaci\u00f3n y los proceso de categorizaci\u00f3n docente as\u00ed como los proyectos de desarrollo en las escuelas deportivas espirituanas de los Movimientos Mi Barrio por la Patria y Educando por Amor.<br \/>\n\u00abEs fundamental las acciones para la atenci\u00f3n deportiva y docente a los estudiantes atletas de la EIDE y la EPEF , as\u00ed como el sistema de preparaci\u00f3n pol\u00edtica-ideol\u00f3gica y educaci\u00f3n en valores de los docentes en formaci\u00f3n\u00bb, expres\u00f3 finalmente Omar Venegas, vicepresidente del INDER.<br \/>\nComo parte del chequeo de inicio del curso deportivo Magdeyvis Portal, directora de la EIDE Lino Salabarria Pupo expres\u00f3: \u00abeste curso ser\u00e1 at\u00edpico ya que iniciamos con s\u00f3lo 10 deportes priorizados, los indicados por el organismo superior, y enfrentarnos un dif\u00edcil periodo con limitaciones y carencias, pero seguros que venceremos y que el deporte espirituano seguir\u00e1 su desarrollo cuantitativo y cualitativo\u00bb.<br \/>\nPor su parte \u00c1ngel Vidal Castillo, subdirector provincial del deporte de alto rendimiento en Sancti Spiritus, manifest\u00f3 que \u00abla Escuela iniciar\u00e1 el curso en los deportes de ajedrez, atletismo, b\u00e9isbol , as\u00ed como con el boxeo , todos con buenos resultados competitivos para la provincia a nivel de pa\u00eds.<br \/>\n\u00abAsimismo, por indicaciones del organismo nacional trabajaremos en el desarrollo del canotaje, el levantamiento de pesas, en los deportes de combate como el judo, la lucha y el taekwondo, adem\u00e1s del f\u00fatbol.<br \/>\n\u00abLos atletas continuantes y de nuevo ingreso de estos 10 deportes son los que iniciaron el curso escolar en la EIDE, entre los que se incluyen tambi\u00e9n los deportistas de la cabecera provincial, tanto nuevos ingresos como continuantes de los restantes deportes.<br \/>\nFinalmente el subdirector del alto rendimiento en la Direcci\u00f3n Provincial de Deportes, manifest\u00f3: \u00abLos atletas continuantes de los deportes no estrat\u00e9gicos que residen en los municipios, excepto los de Sancti Sp\u00edrirus, comenzar\u00e1n el curso en sus respectivos municipios, aunque seguir\u00e1n siendo matr\u00edculas de la EIDE, por lo que se les debe dar un especial seguimiento por parte de las direcciones municipales\u00bb.<br \/>\nLa directora provincial de Deportes en Sancti Sp\u00edritus, Laidali Santana Carrero junto a su Consejo de direcci\u00f3n patentizaron el compromiso de los trabajadores del sistema deportivo espirituano de trabajar con voluntad y hacer un curso deportivo con calidad porque en Sancti Sp\u00edritus el deporte seguir\u00e1 siendo derecho del pueblo\u00bb.<\/p>\n","protected":false},"excerpt":{"rendered":"<p>Con el objetivo de puntualizar las estrategias y aseguramiento material y log\u00edstico para el curso escolar 2026-2027, el movimiento deportivo de Sancti Sp\u00edritus fue visitado por Omar Venegas Echemendia, vicepresidente del INDER y su grupo de trabajo. La comitiva deportiva nacional junto a autoridades pol\u00edticas, gubernamentales y del deporte de la provincia, sostuvo un provechoso [&hellip;]<\/p>\n","protected":false},"author":11,"featured_media":79328,"comment_status":"open","ping_status":"open","sticky":false,"template":"","format":"standard","meta":{"_acf_changed":false,"footnotes":""},"categories":[8,7,1],"tags":[3355,3422,1082,104],"coauthors":[1892],"class_list":["post-79327","post","type-post","status-publish","format-standard","has-post-thumbnail","hentry","category-noticia","category-deporte","category-sancti-spiritus","tag-curso-escolar-2026-2027","tag-direccion-provincial-de-deportes","tag-eide-lino-salabarria","tag-inder"],"acf":[],"_links":{"self":[{"href":"https:\/\/www.radiosanctispiritus.cu\/es\/wp-json\/wp\/v2\/posts\/79327","targetHints":{"allow":["GET"]}}],"collection":[{"href":"https:\/\/www.radiosanctispiritus.cu\/es\/wp-json\/wp\/v2\/posts"}],"about":[{"href":"https:\/\/www.radiosanctispiritus.cu\/es\/wp-json\/wp\/v2\/types\/post"}],"author":[{"embeddable":true,"href":"https:\/\/www.radiosanctispiritus.cu\/es\/wp-json\/wp\/v2\/users\/11"}],"replies":[{"embeddable":true,"href":"https:\/\/www.radiosanctispiritus.cu\/es\/wp-json\/wp\/v2\/comments?post=79327"}],"version-history":[{"count":3,"href":"https:\/\/www.radiosanctispiritus.cu\/es\/wp-json\/wp\/v2\/posts\/79327\/revisions"}],"predecessor-version":[{"id":79331,"href":"https:\/\/www.radiosanctispiritus.cu\/es\/wp-json\/wp\/v2\/posts\/79327\/revisions\/79331"}],"wp:featuredmedia":[{"embeddable":true,"href":"https:\/\/www.radiosanctispiritus.cu\/es\/wp-json\/wp\/v2\/media\/79328"}],"wp:attachment":[{"href":"https:\/\/www.radiosanctispiritus.cu\/es\/wp-json\/wp\/v2\/media?parent=79327"}],"wp:term":[{"taxonomy":"category","embeddable":true,"href":"https:\/\/www.radiosanctispiritus.cu\/es\/wp-json\/wp\/v2\/categories?post=79327"},{"taxonomy":"post_tag","embeddable":true,"href":"https:\/\/www.radiosanctispiritus.cu\/es\/wp-json\/wp\/v2\/tags?post=79327"},{"taxonomy":"author","embeddable":true,"href":"https:\/\/www.radiosanctispiritus.cu\/es\/wp-json\/wp\/v2\/coauthors?post=79327"}],"curies":[{"name":"wp","href":"https:\/\/api.w.org\/{rel}","templated":true}]}}