{"id":79314,"date":"2026-09-04T04:58:46","date_gmt":"2026-09-04T08:58:46","guid":{"rendered":"https:\/\/www.radiosanctispiritus.cu\/es\/?p=79314"},"modified":"2026-09-03T17:13:55","modified_gmt":"2026-09-03T21:13:55","slug":"central-diesel-de-trinidad-mantiene-vigilancia-permanente-sobre-sistemas-teconologicos","status":"publish","type":"post","link":"https:\/\/www.radiosanctispiritus.cu\/es\/central-diesel-de-trinidad-mantiene-vigilancia-permanente-sobre-sistemas-teconologicos\/","title":{"rendered":"Central Di\u00e9sel de Trinidad mantiene  vigilancia permanente sobre sistemas tecnol\u00f3gicos"},"content":{"rendered":"<p>La Central Di\u00e9sel del municipio espirituano de Trinidad, entre las mejores de su tipo en el pa\u00eds, mantiene hoy una vigilancia permanente sobre los sistemas tecnol\u00f3gicos con el prop\u00f3sito de conservarlos en condiciones de responder ante una eventual ca\u00edda del Sistema Electroenerg\u00e9tico Nacional y suministrar energ\u00eda a la red del territorio.<\/p>\n<p>Yasniel Barroso Gonz\u00e1lez, jefe de la planta, explic\u00f3 que las labores incluyen la comprobaci\u00f3n diaria del estado de los motores, revisi\u00f3n de niveles, detecci\u00f3n de salideros y control de los principales par\u00e1metros de funcionamiento, acciones necesarias para garantizar la disponibilidad de la instalaci\u00f3n.<\/p>\n<p>\u00abLos operadores realizan acciones de conservaci\u00f3n sobre ello, monitoreando los par\u00e1metros, girando el motor para que todas las partes y piezas de la estructura del mismo se muevan. Nosotros hoy somos golpeados fuertemente por el cerco econ\u00f3mico y energ\u00e9tico del gobierno de los Estados Unidos, pero a\u00fan as\u00ed no nos detiene.<\/p>\n<p>\u00abEsta central en espec\u00edfico es una central destacada, no solo a nivel de provincia. Desde el 2024 ostentamos la condici\u00f3n de mejor central por los resultados t\u00e9cnicos, productivos y humanos, porque podemos decirlo as\u00ed, es gracias al material humano que tenemos trabajando ac\u00e1 y de referencia a nivel nacional en inspecciones que hemos recibido y controles a nivel de uni\u00f3n y de la oficina central, hemos salido con resultados relevantes.<\/p>\n<p>Setenta y cuatro a\u00f1os lleva Ismael de la Cruz cada alza sobre los hombros, pero basta escucharlo hablar de esta central para descubrir que hay recuerdos que no envejecen. \u00c9l fue uno de sus fundadores y desde entonces su historia personal qued\u00f3 ligada al rugido de los motores.<\/p>\n<p>\u00abYo trabajaba en la Empresa El\u00e9ctrica como jefe personal, tuve 5 a\u00f1os, despu\u00e9s pas\u00e9 a la subestaci\u00f3n, trabaj\u00e9 12 a\u00f1os y estando en la subestaci\u00f3n parecieron los cursos. Y pas\u00e9 el curso en el CNSI y empezamos aqu\u00ed, en el 2005. Y ella arranc\u00f3 el primero de mayo del 2006. Arranc\u00f3 ya a generar corriente para la poblaci\u00f3n. Este trabajo me gusta mucho, y con mucho amor y con mucho cari\u00f1o. Y es un trabajo de dedicaci\u00f3n y es peligroso, pero es mi vida. Que uno a veces va a una m\u00e1quina y se traba un sensor y a correr a desconectarla.<\/p>\n<p><strong>\u00bfTe trepas todav\u00eda en estos tanques? <\/strong><\/p>\n<p>\u00abF\u00e1cilmente. Yo lo que ten\u00eda problema era en la vista y me oper\u00e9. Me trepo como si hubiera sido hace 10 a\u00f1os atr\u00e1s o 20 a\u00f1os atr\u00e1s. Aqu\u00ed se aprende. casi porque es pr\u00e1cticamente lo mismo, lo mismo en el sentido, hay cosas que solo, por ejemplo, arrancan las cient\u00edficas, no sabes arrancarlas, ya cuando lo arrancas cuatro veces ya sabes arrancarlas, le haces un trasiego, le fijas en las medidas, esto, es cotidiano as\u00ed, hay cosas que no, porque los mismos motores, los motores a veces tienen problemas, como son tan viejos\u00bb.<\/p>\n<p><strong>\u00bfC\u00f3mo domar esos motores tan grandes?<\/strong><\/p>\n<p>\u00abNosotros a veces nos met\u00edamos a ver el tanque ah\u00ed como el motor trabajando, para ver si el sensor de combustible estaba trabajando bien, si se hab\u00eda en el tanque. Como yo lo dec\u00eda, antes a las 9.000 horas se cambiaban los motores. Ahora trabajan 12, 15, 16, 18.000, porque no hay recursos\u00bb.<\/p>\n<p>Hombres como Ismael de la Cruz Cadalso, fundador de la Central Di\u00e9sel de Trinidad, y Yasniel Barroso Gonz\u00e1lez, responsable hoy de su funcionamiento, forman parte de la historia de una instalaci\u00f3n que mantiene sus motores y sistemas tecnol\u00f3gicos listos para entrar en servicio ante cualquier contingencia.<\/p>\n<p><iframe src=\"https:\/\/www.ivoox.com\/player_ej_179994392_6_1.html?c1=84140c\" width=\"100%\" height=\"200\" frameborder=\"0\" scrolling=\"no\" allowfullscreen=\"allowfullscreen\"><\/iframe><\/p>\n","protected":false},"excerpt":{"rendered":"<p>La Central Di\u00e9sel del municipio espirituano de Trinidad, entre las mejores de su tipo en el pa\u00eds, mantiene hoy una vigilancia permanente sobre los sistemas tecnol\u00f3gicos con el prop\u00f3sito de conservarlos en condiciones de responder ante una eventual ca\u00edda del Sistema Electroenerg\u00e9tico Nacional y suministrar energ\u00eda a la red del territorio.<\/p>\n","protected":false},"author":29,"featured_media":69792,"comment_status":"open","ping_status":"open","sticky":false,"template":"","format":"standard","meta":{"_acf_changed":false,"footnotes":""},"categories":[16,9,8,1],"tags":[35,240,2020,54,34],"coauthors":[1856],"class_list":["post-79314","post","type-post","status-publish","format-standard","has-post-thumbnail","hentry","category-economia","category-en-audio","category-noticia","category-sancti-spiritus","tag-apagones","tag-generacion-electrica","tag-sistema-electrico-nacional","tag-trinidad-de-cuba","tag-union-electrica"],"acf":[],"_links":{"self":[{"href":"https:\/\/www.radiosanctispiritus.cu\/es\/wp-json\/wp\/v2\/posts\/79314","targetHints":{"allow":["GET"]}}],"collection":[{"href":"https:\/\/www.radiosanctispiritus.cu\/es\/wp-json\/wp\/v2\/posts"}],"about":[{"href":"https:\/\/www.radiosanctispiritus.cu\/es\/wp-json\/wp\/v2\/types\/post"}],"author":[{"embeddable":true,"href":"https:\/\/www.radiosanctispiritus.cu\/es\/wp-json\/wp\/v2\/users\/29"}],"replies":[{"embeddable":true,"href":"https:\/\/www.radiosanctispiritus.cu\/es\/wp-json\/wp\/v2\/comments?post=79314"}],"version-history":[{"count":4,"href":"https:\/\/www.radiosanctispiritus.cu\/es\/wp-json\/wp\/v2\/posts\/79314\/revisions"}],"predecessor-version":[{"id":79320,"href":"https:\/\/www.radiosanctispiritus.cu\/es\/wp-json\/wp\/v2\/posts\/79314\/revisions\/79320"}],"wp:featuredmedia":[{"embeddable":true,"href":"https:\/\/www.radiosanctispiritus.cu\/es\/wp-json\/wp\/v2\/media\/69792"}],"wp:attachment":[{"href":"https:\/\/www.radiosanctispiritus.cu\/es\/wp-json\/wp\/v2\/media?parent=79314"}],"wp:term":[{"taxonomy":"category","embeddable":true,"href":"https:\/\/www.radiosanctispiritus.cu\/es\/wp-json\/wp\/v2\/categories?post=79314"},{"taxonomy":"post_tag","embeddable":true,"href":"https:\/\/www.radiosanctispiritus.cu\/es\/wp-json\/wp\/v2\/tags?post=79314"},{"taxonomy":"author","embeddable":true,"href":"https:\/\/www.radiosanctispiritus.cu\/es\/wp-json\/wp\/v2\/coauthors?post=79314"}],"curies":[{"name":"wp","href":"https:\/\/api.w.org\/{rel}","templated":true}]}}