{"id":79308,"date":"2026-09-04T05:10:20","date_gmt":"2026-09-04T09:10:20","guid":{"rendered":"https:\/\/www.radiosanctispiritus.cu\/es\/?p=79308"},"modified":"2026-09-03T16:56:16","modified_gmt":"2026-09-03T20:56:16","slug":"los-precios-suben-y-suben-por-que","status":"publish","type":"post","link":"https:\/\/www.radiosanctispiritus.cu\/es\/los-precios-suben-y-suben-por-que\/","title":{"rendered":"\u00bfLos precios se fueron de rosca?"},"content":{"rendered":"<p>Desde que a la libra de manteca de cerdo, con sus mil 800 pesos\u00a0 le dio por sobrepasar a su \u201csost\u00e9n\u201d, la carne, los precios pasaron a otra dimensi\u00f3n: demencial, surrealista.<\/p>\n<p>De no ser porque este ejemplo no es, lamentablemente, un caso aislado y porque es una verdad que se toca con las manos y hasta el est\u00f3mago todos los d\u00edas, parecer\u00eda hasta irreal.<\/p>\n<p>Pero no lo es. Tal ha sido el disparo de las tarifas los \u00faltimos meses que el fen\u00f3meno lacera m\u00e1s all\u00e1 de las quejas colectivas de la gente y los ep\u00edtetos que le han acompa\u00f1ado en los \u00faltimos tiempos: altos, especulativos, abusivos\u2026se quedan en ascuas.<\/p>\n<p>Y aunque el espiral se ha manifestado en ascenso en los \u00faltimos a\u00f1os, eso de que de un pesta\u00f1azo muten hacia arriba, que por la ma\u00f1ana un producto tenga una tarifa y por la tarde otra, se ha agudizado m\u00e1s tras una de las medidas de las m\u00e1s de 170 anunciadas por el pa\u00eds hace dos meses.<\/p>\n<p>Una porque puso en letra la intenci\u00f3n de establecer precios m\u00e1s ligados a las leyes del mercado, a lo de oferta y demanda, aun cuando falten las normas jur\u00eddicas para establecerlo concretamente. Si nos asimos a lo legalmente establecido, solo se derog\u00f3 la Resoluci\u00f3n que establec\u00eda l\u00edmites m\u00e1ximos de los precios\u00a0 para varios productos de alta necesidad como el pollo, el aceite, la salchicha\u2026., para atemperarlos un poco a la realidad de hoy,<\/p>\n<p>Lo que sucede es que de inicios de 2025 cuando se dict\u00f3 hasta hoy, la mayor\u00eda de los productos alimenticios en Cuba han pasado a ser de alta demanda, porque de primera necesidad han sido siempre y entonces la lista de productos con precios topados ser\u00eda ilimitada.<\/p>\n<p>Desaparecidos de la red estatal, mucho m\u00e1s de la canasta familiar normada, el arroz, el az\u00facar, los frijoles, los huevos, los c\u00e1rnicos,\u00a0 aceite\u2026. para poder encontrarlos, y de hecho, comer y sobrevivir, las personas tienen que comprarlos en los puntos de venta de particulares de donde tambi\u00e9n se sostienen del jab\u00f3n, el detergente, el carb\u00f3n..\u2026<\/p>\n<p>Agravadas las condiciones objetivas que, econ\u00f3micamente, avalan \u201cla locura\u201d de los precios: recrudecimiento del bloqueo integral de Estados Unidos contra Cuba, escasez de todo tipo, improductividad\u2026., todo lo que necesitaban para irse aun m\u00e1s de rosca era una disposici\u00f3n estatal como la descrita en las medidas sobre la ley del mercado.<\/p>\n<p>Si incluso aquellas regulaciones del 2025 no lograron que se respetaran del todo las disposiciones y solo unos pocos vendieron por ejemplo el aceite a 990, \u00bfC\u00f3mo aspirar a que ahora con un desabastecimiento m\u00e1s agudo y con una crisis generalizada y una \u201cpatente\u201d de permisi\u00f3n estatal de poner el precio que se quiera, alguien venda con tarifas mas bajas\u201d?<\/p>\n<p>Desde el ejercicio integral que transcurre en esto d\u00edas en la provincia se ha intencionado el control a los precios abusivos. Solo que a la luz de hoy y repito, tras una disposici\u00f3n estatal que de alg\u00fan modo autoriza a cada quien a vender a c\u00f3mo le de la real gana, esto queda en el plano subjetivo y discutible.<\/p>\n<p>Pero como ha sucedido casi siempre que aparecen acciones de este tipo, en la pr\u00e1ctica los productos son escondidos y se venden por la izquierda, la derecha, las redes\u2026. y m\u00e1s caro, por cierto.<\/p>\n<p>Poco pueden hacer los controles con una modalidad puesta de moda: la de establecer para un mismo producto dos tarifas: una en efectivo y otra en transferencia, este aun m\u00e1s alto.<\/p>\n<p>\u00bfQu\u00e9 hacer?, cuestionan muchos, expoliados por los precios idos de rosca. Algunos han visto con buenos ojos, los topes de precios en \u00a0otras provincias, aun cuando \u201caparentemente\u201d contradice lo dictado en las 176 medidas sobre precios del mercado.<\/p>\n<p>Hasta donde sabemos, la provincia no se ha alineado con esa tendencia y en su lugar ha apostado por el ejercicio integral desde donde se han impuesto decenas de multas, gigantescas algunas a quienes se les ha podido probar que abusa con los precios.\u00a0 Lo que s\u00ed se sabe es que muchos de los productos topados en aquellos lares tambi\u00e9n se esfumaron de los estantes visibles y hasta trasegaron hacia otros territorios en esta suerte de \u00abrevenduteo nacional\u00bb en que se ha convertido Cuba.<\/p>\n<p>De acuerdo con quienes participan en el ejercicio lo establecido es que los actores econ\u00f3micos, incluidos los estatales, logren un margen de ganancia de hasta un treinta por ciento por encima de los \u201ccostos\u201d del producto. Nada m\u00e1s risible y paranoico. Y les pongo un ejemplo a la mano. Un detergente l\u00edquido vendido en algunos comercios espirituanos a 170 pesos, se revende en varios puntos, incluidos callejeros, a 350 .<\/p>\n<p>Los economistas coinciden que lo que m\u00e1s puede regular y bajar los precios es la producci\u00f3n\u00a0 e incluso la abundancia de la oferta. \u00a0Desde esa perspectiva y con una empresa estatal deprimida, la esperanza de que esta ley se cumpla es poca.\u00a0 E ilustro con el huevo. De unas 300 mil gallinas que compon\u00edan hace solo unos a\u00f1os la Empresa Av\u00edcola espirituana hoy quedan menos de cinco mil, pues muchas se murieron por falta de alimentos a pesar de que esta rama aplic\u00f3 diversas formulas para producir . \u00bfAlguien puede aspirar a que el huevo baje de los 150 pesos y m\u00e1s por lo que hoy se vende?<\/p>\n<p>Muchos entienden que algunos productos suben a ra\u00edz de la informaci\u00f3n publicada acerca de unos siete mil contenedores o varados en no pocos puertos del mundo por cuenta de las medidas coercitivas de Estados Unidos y en los cuales, se supone, viene parte de la mercanc\u00eda de actores econ\u00f3micos.<\/p>\n<p>Pero alguien cerca no deja caer el bolsillo la pregunta \u00bfY si las camisas de uniforme no ven\u00edan en esos contenedores , ni la manteca de cerdo \u00a0tampoco, porqu\u00e9 aquellas cuestan m\u00e1s de 1500 y la otra sube por d\u00eda?.<\/p>\n<p>Tarea para la casa, de economistas y gobernantes tanto como la que nadie explica porqu\u00e9 si el d\u00f3lar se mantiene en una meseta, aunque caro, y esta divisa es la base de casi todo el trueque comercial en Cuba, los precios suben.<\/p>\n<p>Lo que s\u00ed est\u00e1 claro es que la inflaci\u00f3n galopante y su efecto domin\u00f3 es la que parece dominar en esta ley de la selva donde algunos prefieren incluso que su mercanc\u00eda se eche a perder antes que bajarle un c\u00e9ntimo. Pero ah\u00ed otras cosas se ir\u00edan de rosca y no justamente los precios.<\/p>\n<p>&nbsp;<\/p>\n<p><iframe src=\"https:\/\/www.ivoox.com\/player_ej_179994406_6_1.html?c1=84140c\" width=\"100%\" height=\"200\" frameborder=\"0\" scrolling=\"no\" allowfullscreen=\"allowfullscreen\"><\/iframe><\/p>\n","protected":false},"excerpt":{"rendered":"<p>Tal ha sido el disparo de las tarifas en los \u00faltimos meses que el fen\u00f3meno lacera m\u00e1s all\u00e1 de las quejas colectivas de la gente y los ep\u00edtetos que le han acompa\u00f1ado en los \u00faltimos tiempos: altos, especulativos, abusivos, se quedan en ascuas.<\/p>\n","protected":false},"author":14,"featured_media":79311,"comment_status":"open","ping_status":"open","sticky":false,"template":"","format":"standard","meta":{"_acf_changed":false,"footnotes":""},"categories":[16,9,8,1],"tags":[2612,72,1064],"coauthors":[1915],"class_list":["post-79308","post","type-post","status-publish","format-standard","has-post-thumbnail","hentry","category-economia","category-en-audio","category-noticia","category-sancti-spiritus","tag-ejercicio-nacional-de-acciones-conjuntas-para-el-control-de-precios","tag-finanzas-y-precios","tag-precios"],"acf":[],"_links":{"self":[{"href":"https:\/\/www.radiosanctispiritus.cu\/es\/wp-json\/wp\/v2\/posts\/79308","targetHints":{"allow":["GET"]}}],"collection":[{"href":"https:\/\/www.radiosanctispiritus.cu\/es\/wp-json\/wp\/v2\/posts"}],"about":[{"href":"https:\/\/www.radiosanctispiritus.cu\/es\/wp-json\/wp\/v2\/types\/post"}],"author":[{"embeddable":true,"href":"https:\/\/www.radiosanctispiritus.cu\/es\/wp-json\/wp\/v2\/users\/14"}],"replies":[{"embeddable":true,"href":"https:\/\/www.radiosanctispiritus.cu\/es\/wp-json\/wp\/v2\/comments?post=79308"}],"version-history":[{"count":4,"href":"https:\/\/www.radiosanctispiritus.cu\/es\/wp-json\/wp\/v2\/posts\/79308\/revisions"}],"predecessor-version":[{"id":79313,"href":"https:\/\/www.radiosanctispiritus.cu\/es\/wp-json\/wp\/v2\/posts\/79308\/revisions\/79313"}],"wp:featuredmedia":[{"embeddable":true,"href":"https:\/\/www.radiosanctispiritus.cu\/es\/wp-json\/wp\/v2\/media\/79311"}],"wp:attachment":[{"href":"https:\/\/www.radiosanctispiritus.cu\/es\/wp-json\/wp\/v2\/media?parent=79308"}],"wp:term":[{"taxonomy":"category","embeddable":true,"href":"https:\/\/www.radiosanctispiritus.cu\/es\/wp-json\/wp\/v2\/categories?post=79308"},{"taxonomy":"post_tag","embeddable":true,"href":"https:\/\/www.radiosanctispiritus.cu\/es\/wp-json\/wp\/v2\/tags?post=79308"},{"taxonomy":"author","embeddable":true,"href":"https:\/\/www.radiosanctispiritus.cu\/es\/wp-json\/wp\/v2\/coauthors?post=79308"}],"curies":[{"name":"wp","href":"https:\/\/api.w.org\/{rel}","templated":true}]}}