{"id":79303,"date":"2026-09-04T04:50:29","date_gmt":"2026-09-04T08:50:29","guid":{"rendered":"https:\/\/www.radiosanctispiritus.cu\/es\/?p=79303"},"modified":"2026-09-03T16:07:15","modified_gmt":"2026-09-03T20:07:15","slug":"embarazo-en-la-adolescencia-mantiene-alarmas-prendidas-en-sancti-spiritus","status":"publish","type":"post","link":"https:\/\/www.radiosanctispiritus.cu\/es\/embarazo-en-la-adolescencia-mantiene-alarmas-prendidas-en-sancti-spiritus\/","title":{"rendered":"Embarazo en la adolescencia mantiene alarmas prendidas en Sancti Sp\u00edritus"},"content":{"rendered":"<p>El embarazo juvenil resulta un asunto de elevado impacto en el territorio espirituano.<\/p>\n<p>Marlene Barreras Matos, licenciada en enfermer\u00eda y profesora asistente en la Universidad de Ciencias M\u00e9dicas, precis\u00f3 al respecto que \u00aben el mes de abril, de 430 embarazadas que hab\u00edan, 57 eran adolescentes, representando el 13,3 por ciento.\u00a0 De estos embarazos adolescentes, de cada cuatro, 3 abortan, representando tambi\u00e9n un alto \u00edndice de aborto seg\u00fan el \u00edndice de embarazos adolescentes que existe.<\/p>\n<p>No pocos son los riesgos de este fen\u00f3meno en las j\u00f3venes, apunt\u00f3 la especialista. \u00abPueden ser los sangrados, las infecciones, los abortos a repetici\u00f3n, los embarazos fuera de lugar, una verdadera urgencia quir\u00fargica, las perforaciones uterinas que pueden llegar inclusive a perforar \u00f3rganos cercanos como el intestino o la vejiga, riesgos anest\u00e9sicos, la infertilidad, porque mientras m\u00e1s temprano se comiencen a realizarse abortos a estas adolescentes, puede traerle da\u00f1os en sus \u00f3rganos internos, como por ejemplo el \u00fatero, que puede traerle cicatrices internas que pueden conllevar a la infertilidad de las adolescentes\u00bb.<\/p>\n<p>Otros factores tambi\u00e9n influyen. \u00abLos embarazos tambi\u00e9n pueden traer depresi\u00f3n postparto y se producen por el estr\u00e9s mantenido. Pero es importante se\u00f1alar que se puede producir rechazo al beb\u00e9, apat\u00eda, rechazo a la pareja, desinter\u00e9s f\u00edsica del adolescente. Y esto est\u00e1 muy agudizado adem\u00e1s con la situaci\u00f3n actual, las situaciones energ\u00e9ticas, las econ\u00f3micas. Y cuando tambi\u00e9n hay poco acompa\u00f1amiento familiar y de ayuda a estas adolescentes\u00bb.<\/p>\n<p><iframe src=\"https:\/\/www.ivoox.com\/player_ej_179988298_6_1.html?c1=84140c\" width=\"100%\" height=\"200\" frameborder=\"0\" scrolling=\"no\" allowfullscreen=\"allowfullscreen\"><\/iframe><\/p>\n","protected":false},"excerpt":{"rendered":"<p>El embarazo juvenil resulta un asunto de elevado impacto en el territorio espirituano.<\/p>\n","protected":false},"author":194,"featured_media":54133,"comment_status":"open","ping_status":"open","sticky":false,"template":"","format":"standard","meta":{"_acf_changed":false,"footnotes":""},"categories":[8,9,5,1],"tags":[977,1108,24],"coauthors":[2035],"class_list":["post-79303","post","type-post","status-publish","format-standard","has-post-thumbnail","hentry","category-noticia","category-en-audio","category-salud","category-sancti-spiritus","tag-adolescentes","tag-embarazo","tag-salud"],"acf":[],"_links":{"self":[{"href":"https:\/\/www.radiosanctispiritus.cu\/es\/wp-json\/wp\/v2\/posts\/79303","targetHints":{"allow":["GET"]}}],"collection":[{"href":"https:\/\/www.radiosanctispiritus.cu\/es\/wp-json\/wp\/v2\/posts"}],"about":[{"href":"https:\/\/www.radiosanctispiritus.cu\/es\/wp-json\/wp\/v2\/types\/post"}],"author":[{"embeddable":true,"href":"https:\/\/www.radiosanctispiritus.cu\/es\/wp-json\/wp\/v2\/users\/194"}],"replies":[{"embeddable":true,"href":"https:\/\/www.radiosanctispiritus.cu\/es\/wp-json\/wp\/v2\/comments?post=79303"}],"version-history":[{"count":4,"href":"https:\/\/www.radiosanctispiritus.cu\/es\/wp-json\/wp\/v2\/posts\/79303\/revisions"}],"predecessor-version":[{"id":79307,"href":"https:\/\/www.radiosanctispiritus.cu\/es\/wp-json\/wp\/v2\/posts\/79303\/revisions\/79307"}],"wp:featuredmedia":[{"embeddable":true,"href":"https:\/\/www.radiosanctispiritus.cu\/es\/wp-json\/wp\/v2\/media\/54133"}],"wp:attachment":[{"href":"https:\/\/www.radiosanctispiritus.cu\/es\/wp-json\/wp\/v2\/media?parent=79303"}],"wp:term":[{"taxonomy":"category","embeddable":true,"href":"https:\/\/www.radiosanctispiritus.cu\/es\/wp-json\/wp\/v2\/categories?post=79303"},{"taxonomy":"post_tag","embeddable":true,"href":"https:\/\/www.radiosanctispiritus.cu\/es\/wp-json\/wp\/v2\/tags?post=79303"},{"taxonomy":"author","embeddable":true,"href":"https:\/\/www.radiosanctispiritus.cu\/es\/wp-json\/wp\/v2\/coauthors?post=79303"}],"curies":[{"name":"wp","href":"https:\/\/api.w.org\/{rel}","templated":true}]}}