{"id":79296,"date":"2026-09-04T05:02:04","date_gmt":"2026-09-04T09:02:04","guid":{"rendered":"https:\/\/www.radiosanctispiritus.cu\/es\/?p=79296"},"modified":"2026-09-04T05:37:13","modified_gmt":"2026-09-04T09:37:13","slug":"empresa-de-seguridad-y-proteccion-pionera-en-el-pago-a-jubilados-en-sancti-spiritus","status":"publish","type":"post","link":"https:\/\/www.radiosanctispiritus.cu\/es\/empresa-de-seguridad-y-proteccion-pionera-en-el-pago-a-jubilados-en-sancti-spiritus\/","title":{"rendered":"Empresa de Seguridad y Protecci\u00f3n, pionera en el pago a jubilados en Sancti Sp\u00edritus"},"content":{"rendered":"<p>Como parte de las estrategias econ\u00f3micas implementadas en el pa\u00eds para beneficio de los m\u00e1s vulnerables, la Empresa Especializada en Seguridad y Protecci\u00f3n de Sancti Sp\u00edritus asumi\u00f3 la iniciativa del pago a jubilados del territorio.<\/p>\n<p>As\u00ed lo inform\u00f3 a la radio la comunicadora institucional de la entidad, Lieter Zamora Cruz. \u00abEstableci\u00f3 dos locales. Primeramente la UEB de Servicios T\u00e9cnicos en la localidad Olivos 2 y el punto de venta de la hotelera. en el Kilo 12. El Banco Band\u00e9 nos pas\u00f3 una lista de 100 ancianitos que fueran a cobrar con nosotros en cada uno de esos puntos.<\/p>\n<p>\u00abDe momento, este mes, todo sali\u00f3 bien como se estableci\u00f3 y esperamos tambi\u00e9n que el Banco BPA nos env\u00ede tambi\u00e9n su lista para que los ancianitos que cobran con ellos tambi\u00e9n puedan venir a cobrar con nosotros y bueno, sea m\u00e1s c\u00f3modo para ellos\u00bb.<\/p>\n<p>La entrevistada especific\u00f3 otra de las facilidades que prestar\u00e1 la empresa a partir del mes en curso. \u00abAdem\u00e1s, tambi\u00e9n tenemos el servicio de domicilio, que todo aquel que no pueda porque est\u00e1 encamado o porque simplemente por su comodidad no quiere ir a donde est\u00e1 nuestro establecimiento, pues por 25 pesos se le lleva la jubilaci\u00f3n a sus casas\u00bb.<\/p>\n<p><iframe src=\"https:\/\/www.ivoox.com\/player_ej_179988111_6_1.html?c1=84140c\" width=\"100%\" height=\"200\" frameborder=\"0\" scrolling=\"no\" allowfullscreen=\"allowfullscreen\"><\/iframe><\/p>\n","protected":false},"excerpt":{"rendered":"<p>Como parte de las estrategias econ\u00f3micas implementadas en el pa\u00eds para beneficio de los m\u00e1s vulnerables, la Empresa Especializada en Seguridad y Protecci\u00f3n de Sancti Sp\u00edritus asumi\u00f3 la iniciativa del pago a jubilados del territorio.<\/p>\n","protected":false},"author":173,"featured_media":79302,"comment_status":"open","ping_status":"open","sticky":false,"template":"","format":"standard","meta":{"_acf_changed":false,"footnotes":""},"categories":[16,9,8,1],"tags":[1975,1992,1836,2370],"coauthors":[1865],"class_list":["post-79296","post","type-post","status-publish","format-standard","has-post-thumbnail","hentry","category-economia","category-en-audio","category-noticia","category-sancti-spiritus","tag-jubilados","tag-pensiones","tag-seguridad-y-proteccion","tag-vulnerabilidad"],"acf":[],"_links":{"self":[{"href":"https:\/\/www.radiosanctispiritus.cu\/es\/wp-json\/wp\/v2\/posts\/79296","targetHints":{"allow":["GET"]}}],"collection":[{"href":"https:\/\/www.radiosanctispiritus.cu\/es\/wp-json\/wp\/v2\/posts"}],"about":[{"href":"https:\/\/www.radiosanctispiritus.cu\/es\/wp-json\/wp\/v2\/types\/post"}],"author":[{"embeddable":true,"href":"https:\/\/www.radiosanctispiritus.cu\/es\/wp-json\/wp\/v2\/users\/173"}],"replies":[{"embeddable":true,"href":"https:\/\/www.radiosanctispiritus.cu\/es\/wp-json\/wp\/v2\/comments?post=79296"}],"version-history":[{"count":5,"href":"https:\/\/www.radiosanctispiritus.cu\/es\/wp-json\/wp\/v2\/posts\/79296\/revisions"}],"predecessor-version":[{"id":79332,"href":"https:\/\/www.radiosanctispiritus.cu\/es\/wp-json\/wp\/v2\/posts\/79296\/revisions\/79332"}],"wp:featuredmedia":[{"embeddable":true,"href":"https:\/\/www.radiosanctispiritus.cu\/es\/wp-json\/wp\/v2\/media\/79302"}],"wp:attachment":[{"href":"https:\/\/www.radiosanctispiritus.cu\/es\/wp-json\/wp\/v2\/media?parent=79296"}],"wp:term":[{"taxonomy":"category","embeddable":true,"href":"https:\/\/www.radiosanctispiritus.cu\/es\/wp-json\/wp\/v2\/categories?post=79296"},{"taxonomy":"post_tag","embeddable":true,"href":"https:\/\/www.radiosanctispiritus.cu\/es\/wp-json\/wp\/v2\/tags?post=79296"},{"taxonomy":"author","embeddable":true,"href":"https:\/\/www.radiosanctispiritus.cu\/es\/wp-json\/wp\/v2\/coauthors?post=79296"}],"curies":[{"name":"wp","href":"https:\/\/api.w.org\/{rel}","templated":true}]}}