{"id":79290,"date":"2026-09-03T14:48:34","date_gmt":"2026-09-03T18:48:34","guid":{"rendered":"https:\/\/www.radiosanctispiritus.cu\/es\/?p=79290"},"modified":"2026-09-03T14:48:34","modified_gmt":"2026-09-03T18:48:34","slug":"procesos-descentralizados-marcan-inicio-del-curso-en-universidad-espirituana","status":"publish","type":"post","link":"https:\/\/www.radiosanctispiritus.cu\/es\/procesos-descentralizados-marcan-inicio-del-curso-en-universidad-espirituana\/","title":{"rendered":"Procesos descentralizados marcan inicio del curso en Universidad espirituana"},"content":{"rendered":"<p class=\"ds-markdown-paragraph\"><span class=\"\">La Universidad de Sancti Sp\u00edritus Jos\u00e9 Mart\u00ed P\u00e9rez reanud\u00f3 este primero de septiembre las actividades docentes correspondientes al curso escolar 2026-2027 con procesos descentralizados, seg\u00fan explic\u00f3 la doctora en Ciencias Maite Su\u00e1rez Pedroso, vicerrectora de la instituci\u00f3n.<\/span><\/p>\n<p class=\"ds-markdown-paragraph\"><span class=\"\">La modalidad contin\u00faa siendo la semipresencialidad, pero a diferencia del curso anterior, con etapas de presencialidad durante el semestre, de manera que los estudiantes de los municipios tengan la oportunidad de estar una semana concentrados en la sede central, mientras que en el caso de Sancti Sp\u00edritus retoman su presencialidad durante todas las semanas del semestre.<\/span><\/p>\n<p><iframe src=\"https:\/\/www.ivoox.com\/player_ej_179945316_6_1.html?c1=84140c\" width=\"100%\" height=\"200\" frameborder=\"0\" scrolling=\"no\" allowfullscreen=\"allowfullscreen\"><\/iframe><\/p>\n","protected":false},"excerpt":{"rendered":"<p>La Universidad de Sancti Sp\u00edritus Jos\u00e9 Mart\u00ed P\u00e9rez reanud\u00f3 este primero de septiembre las actividades docentes correspondientes al curso escolar 2026-2027 con procesos descentralizados, seg\u00fan explic\u00f3 la doctora en Ciencias Maite Su\u00e1rez Pedroso, vicerrectora de la instituci\u00f3n.<\/p>\n","protected":false},"author":8,"featured_media":41206,"comment_status":"open","ping_status":"open","sticky":false,"template":"","format":"standard","meta":{"_acf_changed":false,"footnotes":""},"categories":[8,14,9,1],"tags":[],"coauthors":[1917],"class_list":["post-79290","post","type-post","status-publish","format-standard","has-post-thumbnail","hentry","category-noticia","category-educacion","category-en-audio","category-sancti-spiritus"],"acf":[],"_links":{"self":[{"href":"https:\/\/www.radiosanctispiritus.cu\/es\/wp-json\/wp\/v2\/posts\/79290","targetHints":{"allow":["GET"]}}],"collection":[{"href":"https:\/\/www.radiosanctispiritus.cu\/es\/wp-json\/wp\/v2\/posts"}],"about":[{"href":"https:\/\/www.radiosanctispiritus.cu\/es\/wp-json\/wp\/v2\/types\/post"}],"author":[{"embeddable":true,"href":"https:\/\/www.radiosanctispiritus.cu\/es\/wp-json\/wp\/v2\/users\/8"}],"replies":[{"embeddable":true,"href":"https:\/\/www.radiosanctispiritus.cu\/es\/wp-json\/wp\/v2\/comments?post=79290"}],"version-history":[{"count":2,"href":"https:\/\/www.radiosanctispiritus.cu\/es\/wp-json\/wp\/v2\/posts\/79290\/revisions"}],"predecessor-version":[{"id":79292,"href":"https:\/\/www.radiosanctispiritus.cu\/es\/wp-json\/wp\/v2\/posts\/79290\/revisions\/79292"}],"wp:featuredmedia":[{"embeddable":true,"href":"https:\/\/www.radiosanctispiritus.cu\/es\/wp-json\/wp\/v2\/media\/41206"}],"wp:attachment":[{"href":"https:\/\/www.radiosanctispiritus.cu\/es\/wp-json\/wp\/v2\/media?parent=79290"}],"wp:term":[{"taxonomy":"category","embeddable":true,"href":"https:\/\/www.radiosanctispiritus.cu\/es\/wp-json\/wp\/v2\/categories?post=79290"},{"taxonomy":"post_tag","embeddable":true,"href":"https:\/\/www.radiosanctispiritus.cu\/es\/wp-json\/wp\/v2\/tags?post=79290"},{"taxonomy":"author","embeddable":true,"href":"https:\/\/www.radiosanctispiritus.cu\/es\/wp-json\/wp\/v2\/coauthors?post=79290"}],"curies":[{"name":"wp","href":"https:\/\/api.w.org\/{rel}","templated":true}]}}