{"id":79273,"date":"2026-09-03T18:16:03","date_gmt":"2026-09-03T22:16:03","guid":{"rendered":"https:\/\/www.radiosanctispiritus.cu\/es\/?p=79273"},"modified":"2026-09-03T20:38:08","modified_gmt":"2026-09-04T00:38:08","slug":"que-saldos-arrojan-las-visitas-integrales-a-los-actores-economicos-en-sancti-spiritus","status":"publish","type":"post","link":"https:\/\/www.radiosanctispiritus.cu\/es\/que-saldos-arrojan-las-visitas-integrales-a-los-actores-economicos-en-sancti-spiritus\/","title":{"rendered":"\u00bfQu\u00e9 saldos arrojan las visitas integrales a los actores econ\u00f3micos en Sancti Sp\u00edritus?"},"content":{"rendered":"<p>A partir del d\u00eda 10 de agosto comenz\u00f3 en Sancti Sp\u00edritus un ejercicio integral de control a los actores econ\u00f3micos, con el objetivo de revisar el cumplimiento de lo establecido en relaci\u00f3n con el uso de las pasarelas de pago digitales y dep\u00f3sitos de efectivo en el banco.<\/p>\n<p>Estas visitas se desarrollan a partir de una indicaci\u00f3n de la m\u00e1xima direcci\u00f3n del pa\u00eds y en nuestra provincia se ejecutan por 27 grupos integrales que involucran a especialistas de Finanzas y Precios, la direcci\u00f3n de Inspecci\u00f3n, la Oficina Nacional de la Administraci\u00f3n Tributaria, la Fiscal\u00eda y los bancos del territorio, entre otros organismos en dependencia de cada caso a visitar.<\/p>\n<p>Seg\u00fan Nayda Berena Alfonso Jim\u00e9nez, directora de Finanzas y Precios de la Administraci\u00f3n Provincial del Poder Popular, los chequeos han arrojado una gran cantidad de irregularidades, sobre todo en el sector privado, aunque aclara que las visitas se realizan a todos los actores econ\u00f3micos sean estatales, privados, cooperados y proyectos de desarrollo local (PDL).<\/p>\n<p>\u201cUna de las violaciones m\u00e1s recurrentes y que afecta mucho a la poblaci\u00f3n es el no uso de las pasarelas de pago para las ventas. Sin embargo, los negocios que solo aceptan el pago en efectivo tampoco depositan ese dinero, como establece la Resoluci\u00f3n 111 de 2023, del Banco Central de Cuba\u201d.<\/p>\n<p>Sin lugar a dudas, esta es una de las causas principales de la baja disponibilidad de dinero f\u00edsico en las sucursales bancarias.<\/p>\n<p>Solo en nuestra provincia se encuentran registrados m\u00e1s de 13 500 trabajadores por cuenta propia y una 373 mipymes, sin contar los PDL y otras formas de gesti\u00f3n. Eso significa mucho dinero circulando, en su mayor\u00eda efectivo, porque no es secreto para nadie que son pocos los establecimientos comerciales donde se permite el pago digital.<\/p>\n<p>Lo que alegan varios de los responsables de los negocios es que necesitan el efectivo para seguir comprando mercanc\u00edas a fin de garantizar sus ventas o servicios.<\/p>\n<p>\u201cCuando empezamos con el ejercicio varios emprendimientos decidieron cerrar, al parecer, para evadir el control. De los 32 establecimientos que se detectaron cerrados en la primera semana de las visitas ya volvieron a prestar servicios 22 y 10 permanecen cerrados, algunos por causas justificadas y otros sin raz\u00f3n admisible\u201d, apunt\u00f3 la directora de Finanzas en la provincia.<\/p>\n<p>Al decir de la funcionaria, la percepci\u00f3n popular de que el Gobierno ha cerrado los puntos de venta no es del todo certera.<\/p>\n<p>\u201cEn varios casos se han cerrado solo por algunos d\u00edas aquellos establecimientos en los que se detectaron irregularidades que se pueden resolver con cierta rapidez. La idea del ejercicio no es cerrar locales, pero ante las deficiencias detectadas tiene que haber un accionar\u201d.<\/p>\n<p>Aunque para la poblaci\u00f3n en general no se ha visto una soluci\u00f3n a los altos precios, la negativa de aceptar el pago en l\u00ednea y el desabastecimiento, hay peque\u00f1os pasos de avance que, de continuar as\u00ed, podr\u00edan tributar a una mayor disponibilidad de efectivo en los bancos y mayores facilidades de pago desde las plataformas Transferm\u00f3vil y Enzona.<\/p>\n<p>\u201cCuando comparamos los 10 d\u00edas anterior al ejercicio con los 10 d\u00edas posteriores al inicio de las visitas hay n\u00fameros positivos. En las operaciones de BPA se registraron un total de 29 mipymes que se incorporaron a depositar efectivo con m\u00e1s de 3 millones de pesos.<\/p>\n<p>\u201cEn el caso de los TCP se sumaron a depositar 220 actores tambi\u00e9n con un incremento superior a los tres millones. Comparando los montos de los pagos en l\u00ednea el incremento es de un 47 por ciento y supone alrededor de seis millones de pesos que transitaron por las pasarelas digitales.\u201d<\/p>\n<p>En relaci\u00f3n a los precios Alfonso Jim\u00e9nez coment\u00f3 a\u00a0<em>Escambray<\/em>\u00a0que se hace dif\u00edcil llegar a conclusiones justas pues muchos actores no poseen las facturas de la compra de los productos que revenden o emplean en la prestaci\u00f3n de servicios.<\/p>\n<p>Seg\u00fan los datos oficiales, en la provincia las mipymes que importan directamente sus art\u00edculos son la excepci\u00f3n; la mayor\u00eda de los establecimientos adquieren sus mercanc\u00edas en territorios cercanos o a quienes las traen desde la capital para luego revenderlas.<\/p>\n<p>Hacer un an\u00e1lisis de precios en un panorama tan complejo y con una operatividad tan cambiante es un verdadero dolor de cabeza. Adem\u00e1s, las recientes medidas anunciadas por el Gobierno cubano apuntan a una descentralizaci\u00f3n de los costos en un af\u00e1n de motivar la producci\u00f3n, aumentar la oferta y esperar a que el mercado se autorregule.<\/p>\n<p>Pero parece que a los cubanos no nos funciona bien la ley de la oferta y la demanda. La realidad es que productos como el aceite se han esfumado del mercado para luego aparecer a precios verdaderamente inaccesibles.<\/p>\n<p>Por el momento, los grupos integrales continuar\u00e1n trabajando algunas semanas m\u00e1s para intentar despejar del comercio territorial la gran cantidad de ilegalidades detectadas que nada tienen que ver con problem\u00e1ticas econ\u00f3micas si no con falta de preparaci\u00f3n y descuidos en la gesti\u00f3n.<\/p>\n","protected":false},"excerpt":{"rendered":"<p>A partir del d\u00eda 10 de agosto comenz\u00f3 en Sancti Sp\u00edritus un ejercicio integral de control a los actores econ\u00f3micos, con el objetivo de revisar el cumplimiento de lo establecido en relaci\u00f3n con el uso de las pasarelas de pago digitales y dep\u00f3sitos de efectivo en el banco. Estas visitas se desarrollan a partir de [&hellip;]<\/p>\n","protected":false},"author":27,"featured_media":79274,"comment_status":"open","ping_status":"open","sticky":false,"template":"","format":"standard","meta":{"_acf_changed":false,"footnotes":""},"categories":[1],"tags":[],"coauthors":[1963],"class_list":["post-79273","post","type-post","status-publish","format-standard","has-post-thumbnail","hentry","category-sancti-spiritus"],"acf":[],"_links":{"self":[{"href":"https:\/\/www.radiosanctispiritus.cu\/es\/wp-json\/wp\/v2\/posts\/79273","targetHints":{"allow":["GET"]}}],"collection":[{"href":"https:\/\/www.radiosanctispiritus.cu\/es\/wp-json\/wp\/v2\/posts"}],"about":[{"href":"https:\/\/www.radiosanctispiritus.cu\/es\/wp-json\/wp\/v2\/types\/post"}],"author":[{"embeddable":true,"href":"https:\/\/www.radiosanctispiritus.cu\/es\/wp-json\/wp\/v2\/users\/27"}],"replies":[{"embeddable":true,"href":"https:\/\/www.radiosanctispiritus.cu\/es\/wp-json\/wp\/v2\/comments?post=79273"}],"version-history":[{"count":1,"href":"https:\/\/www.radiosanctispiritus.cu\/es\/wp-json\/wp\/v2\/posts\/79273\/revisions"}],"predecessor-version":[{"id":79275,"href":"https:\/\/www.radiosanctispiritus.cu\/es\/wp-json\/wp\/v2\/posts\/79273\/revisions\/79275"}],"wp:featuredmedia":[{"embeddable":true,"href":"https:\/\/www.radiosanctispiritus.cu\/es\/wp-json\/wp\/v2\/media\/79274"}],"wp:attachment":[{"href":"https:\/\/www.radiosanctispiritus.cu\/es\/wp-json\/wp\/v2\/media?parent=79273"}],"wp:term":[{"taxonomy":"category","embeddable":true,"href":"https:\/\/www.radiosanctispiritus.cu\/es\/wp-json\/wp\/v2\/categories?post=79273"},{"taxonomy":"post_tag","embeddable":true,"href":"https:\/\/www.radiosanctispiritus.cu\/es\/wp-json\/wp\/v2\/tags?post=79273"},{"taxonomy":"author","embeddable":true,"href":"https:\/\/www.radiosanctispiritus.cu\/es\/wp-json\/wp\/v2\/coauthors?post=79273"}],"curies":[{"name":"wp","href":"https:\/\/api.w.org\/{rel}","templated":true}]}}