{"id":79258,"date":"2026-09-03T18:15:28","date_gmt":"2026-09-03T22:15:28","guid":{"rendered":"https:\/\/www.radiosanctispiritus.cu\/es\/?p=79258"},"modified":"2026-09-03T14:48:13","modified_gmt":"2026-09-03T18:48:13","slug":"iniciadas-reparaciones-en-el-central-melanio-hernandez","status":"publish","type":"post","link":"https:\/\/www.radiosanctispiritus.cu\/es\/iniciadas-reparaciones-en-el-central-melanio-hernandez\/","title":{"rendered":"Iniciadas reparaciones en el central Melanio Hern\u00e1ndez"},"content":{"rendered":"<p>En virtud de la aprobaci\u00f3n de las 176 medidas aprobadas por el Estado cubano para la reanimaci\u00f3n econ\u00f3mica en la empresa industrial azucarera Melania Hern\u00e1ndez, se han puesto en pr\u00e1ctica acciones y alternativas para avanzar en los preparativos para la zafra.<\/p>\n<p>Precisamente, desde este primero de septiembre se iniciaron las reparaciones en el central de Tunic\u00fa, que completa un periodo de conservaci\u00f3n de la industria despu\u00e9s de la paralizaci\u00f3n de la cosecha anterior. ejecutada en un breve periodo de tiempo. En la f\u00e1brica no se ejecutar\u00e1n grandes inversiones, solamente se han programado ligeros mantenimientos con vista de iniciar las operaciones antes de finalizar el a\u00f1o.<\/p>\n<p>Seg\u00fan la informaci\u00f3n ofrecida a Radio Sancti Sp\u00edritus por el director de la entidad taguasquense Antonio Viamonte Perdomo, al finalizar junio se elabor\u00f3 un estimado de materia prima con la ca\u00f1a disponible en la provincia espirituana que debe ratificarse.<\/p>\n<p>Al cierre del presente mes de septiembre, la cosecha se ha programado en medio de grandes limitaciones con los recursos cuando prevalece d\u00e9ficit de la mayor\u00eda de los insumos, pero a cada dificultad material se han impuesto soluciones propias.<\/p>\n<p>La fuente precisa que tambi\u00e9n en la nueva campa\u00f1a se pretende producir meladura y az\u00facar cuando adem\u00e1s se han mantenido una labor permanente en las producciones de alimentos. iniciadas en el Melanio Hern\u00e1ndez .<\/p>\n<p><iframe src=\"https:\/\/www.ivoox.com\/player_ej_179945720_6_1.html?c1=84140c\" width=\"100%\" height=\"200\" frameborder=\"0\" scrolling=\"no\" allowfullscreen=\"allowfullscreen\"><\/iframe><\/p>\n","protected":false},"excerpt":{"rendered":"<p>En virtud de la aprobaci\u00f3n de las 176 medidas aprobadas por el Estado cubano para la reanimaci\u00f3n econ\u00f3mica en la empresa industrial azucarera Melania Hern\u00e1ndez, se han puesto en pr\u00e1ctica acciones y alternativas para avanzar en los preparativos para la zafra. Precisamente, desde este primero de septiembre se iniciaron las reparaciones en el central de [&hellip;]<\/p>\n","protected":false},"author":17,"featured_media":15879,"comment_status":"open","ping_status":"open","sticky":false,"template":"","format":"standard","meta":{"_acf_changed":false,"footnotes":""},"categories":[1],"tags":[],"coauthors":[1870],"class_list":["post-79258","post","type-post","status-publish","format-standard","has-post-thumbnail","hentry","category-sancti-spiritus"],"acf":[],"_links":{"self":[{"href":"https:\/\/www.radiosanctispiritus.cu\/es\/wp-json\/wp\/v2\/posts\/79258","targetHints":{"allow":["GET"]}}],"collection":[{"href":"https:\/\/www.radiosanctispiritus.cu\/es\/wp-json\/wp\/v2\/posts"}],"about":[{"href":"https:\/\/www.radiosanctispiritus.cu\/es\/wp-json\/wp\/v2\/types\/post"}],"author":[{"embeddable":true,"href":"https:\/\/www.radiosanctispiritus.cu\/es\/wp-json\/wp\/v2\/users\/17"}],"replies":[{"embeddable":true,"href":"https:\/\/www.radiosanctispiritus.cu\/es\/wp-json\/wp\/v2\/comments?post=79258"}],"version-history":[{"count":3,"href":"https:\/\/www.radiosanctispiritus.cu\/es\/wp-json\/wp\/v2\/posts\/79258\/revisions"}],"predecessor-version":[{"id":79278,"href":"https:\/\/www.radiosanctispiritus.cu\/es\/wp-json\/wp\/v2\/posts\/79258\/revisions\/79278"}],"wp:featuredmedia":[{"embeddable":true,"href":"https:\/\/www.radiosanctispiritus.cu\/es\/wp-json\/wp\/v2\/media\/15879"}],"wp:attachment":[{"href":"https:\/\/www.radiosanctispiritus.cu\/es\/wp-json\/wp\/v2\/media?parent=79258"}],"wp:term":[{"taxonomy":"category","embeddable":true,"href":"https:\/\/www.radiosanctispiritus.cu\/es\/wp-json\/wp\/v2\/categories?post=79258"},{"taxonomy":"post_tag","embeddable":true,"href":"https:\/\/www.radiosanctispiritus.cu\/es\/wp-json\/wp\/v2\/tags?post=79258"},{"taxonomy":"author","embeddable":true,"href":"https:\/\/www.radiosanctispiritus.cu\/es\/wp-json\/wp\/v2\/coauthors?post=79258"}],"curies":[{"name":"wp","href":"https:\/\/api.w.org\/{rel}","templated":true}]}}