{"id":79243,"date":"2026-09-03T09:35:42","date_gmt":"2026-09-03T13:35:42","guid":{"rendered":"https:\/\/www.radiosanctispiritus.cu\/es\/?p=79243"},"modified":"2026-09-03T10:06:56","modified_gmt":"2026-09-03T14:06:56","slug":"sancti-spiritus-tendra-un-dia-calido-con-chubascos-y-tormentas-electricas-en-la-tarde","status":"publish","type":"post","link":"https:\/\/www.radiosanctispiritus.cu\/es\/sancti-spiritus-tendra-un-dia-calido-con-chubascos-y-tormentas-electricas-en-la-tarde\/","title":{"rendered":"Sancti Sp\u00edritus tendr\u00e1 un d\u00eda c\u00e1lido con chubascos y tormentas el\u00e9ctricas en la tarde"},"content":{"rendered":"<p class=\"ds-markdown-paragraph\"><span class=\"\">La ma\u00f1ana de este mi\u00e9rcoles amaneci\u00f3 con cielo parcialmente nublado y temperaturas que rondan los 26.5 \u00b0C en la capital espirituana, seg\u00fan el parte meteorol\u00f3gico ofrecido en el programa <\/span><em><span class=\"\">Como lo Oyes<\/span><\/em><span class=\"\">, de Radio Sancti Sp\u00edritus. La doctora Mircia Hern\u00e1ndez Pe\u00f1a, especialista del departamento de pron\u00f3sticos del Centro Meteorol\u00f3gico Provincial, adelant\u00f3 que la jornada ser\u00e1 c\u00e1lida, con m\u00e1ximas que oscilar\u00e1n entre 30 y 33 grados Celsius en las zonas llanas y del sur, mientras que en las monta\u00f1as no superar\u00e1n los 27 \u00b0C.<br \/>\n<iframe src=\"https:\/\/www.ivoox.com\/player_ej_179980584_6_1.html?c1=9c1414\" width=\"100%\" height=\"200\" frameborder=\"0\" scrolling=\"no\" allowfullscreen=\"allowfullscreen\"><\/iframe><\/span><\/p>\n<p class=\"ds-markdown-paragraph\"><span class=\"\">Durante el cierre de las \u00faltimas 24 horas, se reportaron acumulados de lluvia significativos en localidades como Guayos (41.5 mm), Cabaigu\u00e1n (36 mm) y el Aliviadero de Cayajan\u00e1 (34 mm). Estas precipitaciones estuvieron asociadas a la combinaci\u00f3n de una baja superior en el Caribe occidental, la inestabilidad vespertina propia de la temporada y la abundante humedad en la regi\u00f3n.<\/span><\/p>\n<p class=\"ds-markdown-paragraph\"><span class=\"\">Para la tarde de hoy, se espera un incremento de la nubosidad, con probabilidades de chubascos y tormentas el\u00e9ctricas, principalmente en el interior y sur de la provincia. Los vientos ser\u00e1n variables y d\u00e9biles, con velocidades inferiores a los 15 km\/h, lo que mantendr\u00e1 la mar tranquila en ambos litorales durante todo el d\u00eda.<\/span><\/p>\n<p class=\"ds-markdown-paragraph\"><span class=\"\">En cuanto a los par\u00e1metros astron\u00f3micos, el sol sali\u00f3 a las 7:01 a.m. y se pondr\u00e1 a las 7:32 p.m. La luna culmina hoy su fase de luna llena. La pr\u00f3xima pleamar ocurrir\u00e1 a las 3:12 p.m. y la bajamar a las 9:41 p.m.<\/span><\/p>\n<p class=\"ds-markdown-paragraph\"><span class=\"\">El parte concluye con una invitaci\u00f3n a disfrutar de la jornada, aunque con la recomendaci\u00f3n de estar atentos a los cambios en el tiempo durante la tarde.<\/span><\/p>\n","protected":false},"excerpt":{"rendered":"<p>La ma\u00f1ana de este mi\u00e9rcoles amaneci\u00f3 con cielo parcialmente nublado y temperaturas que rondan los 26.5 \u00b0C en la capital espirituana, seg\u00fan el parte meteorol\u00f3gico ofrecido en el programa Como lo Oyes, de Radio Sancti Sp\u00edritus. La doctora Mircia Hern\u00e1ndez Pe\u00f1a, especialista del departamento de pron\u00f3sticos del Centro Meteorol\u00f3gico Provincial, adelant\u00f3 que la jornada ser\u00e1 [&hellip;]<\/p>\n","protected":false},"author":4,"featured_media":74086,"comment_status":"open","ping_status":"open","sticky":false,"template":"","format":"standard","meta":{"_acf_changed":false,"footnotes":""},"categories":[8,9,1],"tags":[2994,3043,3108,3042,904],"coauthors":[1883],"class_list":["post-79243","post","type-post","status-publish","format-standard","has-post-thumbnail","hentry","category-noticia","category-en-audio","category-sancti-spiritus","tag-centro-meteorologico-provincial","tag-clima-cuba","tag-lluvias-y-tormentas-electricas","tag-pronostico-del-tiempo-sancti-spiritus","tag-radio-sancti-spiritus"],"acf":[],"_links":{"self":[{"href":"https:\/\/www.radiosanctispiritus.cu\/es\/wp-json\/wp\/v2\/posts\/79243","targetHints":{"allow":["GET"]}}],"collection":[{"href":"https:\/\/www.radiosanctispiritus.cu\/es\/wp-json\/wp\/v2\/posts"}],"about":[{"href":"https:\/\/www.radiosanctispiritus.cu\/es\/wp-json\/wp\/v2\/types\/post"}],"author":[{"embeddable":true,"href":"https:\/\/www.radiosanctispiritus.cu\/es\/wp-json\/wp\/v2\/users\/4"}],"replies":[{"embeddable":true,"href":"https:\/\/www.radiosanctispiritus.cu\/es\/wp-json\/wp\/v2\/comments?post=79243"}],"version-history":[{"count":2,"href":"https:\/\/www.radiosanctispiritus.cu\/es\/wp-json\/wp\/v2\/posts\/79243\/revisions"}],"predecessor-version":[{"id":79246,"href":"https:\/\/www.radiosanctispiritus.cu\/es\/wp-json\/wp\/v2\/posts\/79243\/revisions\/79246"}],"wp:featuredmedia":[{"embeddable":true,"href":"https:\/\/www.radiosanctispiritus.cu\/es\/wp-json\/wp\/v2\/media\/74086"}],"wp:attachment":[{"href":"https:\/\/www.radiosanctispiritus.cu\/es\/wp-json\/wp\/v2\/media?parent=79243"}],"wp:term":[{"taxonomy":"category","embeddable":true,"href":"https:\/\/www.radiosanctispiritus.cu\/es\/wp-json\/wp\/v2\/categories?post=79243"},{"taxonomy":"post_tag","embeddable":true,"href":"https:\/\/www.radiosanctispiritus.cu\/es\/wp-json\/wp\/v2\/tags?post=79243"},{"taxonomy":"author","embeddable":true,"href":"https:\/\/www.radiosanctispiritus.cu\/es\/wp-json\/wp\/v2\/coauthors?post=79243"}],"curies":[{"name":"wp","href":"https:\/\/api.w.org\/{rel}","templated":true}]}}